{"id":5439,"date":"2024-04-02T14:21:00","date_gmt":"2024-04-02T12:21:00","guid":{"rendered":"https:\/\/javnost.rs\/?p=5439"},"modified":"2024-04-02T15:51:51","modified_gmt":"2024-04-02T13:51:51","slug":"savet-za-stampu-predstavio-predlog-izmena-kodeksa-novinara-srbije","status":"publish","type":"post","link":"https:\/\/javnost.rs\/?p=5439","title":{"rendered":"Savet za \u0161tampu predstavio predlog izmena Kodeksa novinara Srbije"},"content":{"rendered":"\n<p>Savet za \u0161tampu je danas predstavio predlog izmena Kodeksa novinara Srbije i pozvao druge da predloge i sugestije dostave do 7. maja, u sklopu javne rasprave.Izmene, kako je re\u010deno novinarima, &#8222;o\u0161trije su i jasnije&#8220; od postoje\u0107ih odredbi i, po oceni predlaga\u010da, &#8222;jasnije za primenu&#8220;.<\/p>\n\n\n\n<p>\u010clanica Saveta za \u0161tampu Tamara Skroza je kazala da je Kodeks usvojen 2006. od kada se dogodilo mnogo stvari koje njime nisu obuhva\u0107ene, kakva je i &#8222;medijska hajka&#8220;.<\/p>\n\n\n\n<p>Razlog za izmene Kodeksa novinara Srbije je i to \u0161to su nove tehnologije i razvoj intereneta izmenili rad novinara i otvorili eti\u010dke dileme.<\/p>\n\n\n\n<p>Komisija Saveta za \u0161tampu za \u017ealbe koja 13 godina odlu\u010duje o \u017ealbama zbog kr\u0161enja Kodeksa, zaklju\u010dila je da bi neke odredbe Kodeksa trebalo izmeniti, precizirati ili razjasniti.<\/p>\n\n\n\n<p>Zato je Savet za \u0161tampu, u saradnji sa osniva\u010dima (UNS, NUNS, Asocijacija medija i Lokal pres) pripremio predlog izmena Kodeksa.<\/p>\n\n\n\n<p>Me\u0111u izmenama su odredbe o upotrebi ve\u0161ta\u010dke inteligencije, moderiranju komentara, za\u0161titi privatnosti i dostojanstva ljudi o kojima se pi\u0161e, odnos prema izvorima i drugo.<\/p>\n\n\n\n<p>U predlogu, u odredbi &#8222;Po\u0161tovanje dostojanstva&#8220; je navedeno da &#8222;novinar ne sme da diskrimini\u0161e, izme\u0111u ostalog, na osnovu rase, pola, starosti, li\u010dnih svojstava, seksualne orijentacije, jezika, vere, politi\u010dkog i drugog mi\u0161ljenja, nacionalnog ili dru\u0161tvenog porekla&#8220;<\/p>\n\n\n\n<p>U smernice je ukazano da &#8222;pripadnost odre\u0111enoj etni\u010dkoj, politi\u010dkoj, ideolo\u0161koj, ili nekoj drugoj grupi, kao i bra\u010dno stanje, versko opredeljenje, dru\u0161tveno poreklo, navodi se samo u slu\u010dajevima kada je taj podatak neophodan za puno razumevanje konteksta doga\u0111aja o kojem se izve\u0161tava&#8220;.<\/p>\n\n\n\n<p>Kako je navedeno, novinari moraju da izbegavaju fraze koje imaju \u0161ovinisti\u010dke, seksisti\u010dke ili na bilo koji drugi na\u010din diskriminatorne konotacije, mora da koristi &#8222;rodno osetljiv jezik&#8220;, da se trudi da ravnomerno uklju\u010di sagovornike razli\u010ditih grupa relevatnih za temu i da odgovorno pristupa razli\u010ditostima u dru\u0161tvu.<\/p>\n\n\n\n<p>Novinar je, kako je navedeno, du\u017ean da po\u0161tuje i \u0161titi prava i dostojanstvo dece, \u017ertava zlo\u010dina, osoba sa invaliditetom i drugih osetljivih grupa.<\/p>\n\n\n\n<p>U odredbi &#8222;\u010casna sredstva&#8220; je ukazano da &#8222;u prikupljanju informacija, fotografija, dokumenata, zvu\u010dnih i video zapisa i njihovom objavljivanju novinar \u0107e se koristiti samo \u010dasnim sredstvima&#8220;<\/p>\n\n\n\n<p>U smernicama za tu odredbu je ukazano da &#8222;novinari i urednici ne smeju da objavljuju materijal pribavljen uz pomo\u0107 skrivenih kamera, prislu\u0161nih ure\u0111aja, odnosno neovla\u0161\u0107enim prislu\u0161kivanjem i sli\u010dno izuzev kada se time \u0161titi javni interes &#8211; naprimer objavljivanje informacija o ugro\u017eenosti \u017eivota i zdravlja stanovni\u0161tva, korupciji, zloupotrebi polo\u017eaja i sli\u010dno&#8220;.<\/p>\n\n\n\n<p>Za primenu ovog izuzetka, kako je predlo\u017eeno, treba da postoji redakcijska procedura.<\/p>\n\n\n\n<p>Kako je navedeno, novinar ne treba da nastavi sa postavljanjem pitanja, telefoniranjem, fotografisanjem ili snimanjem privatnog lica ako je zamoljen da to ne radi.<\/p>\n\n\n\n<p>Ukazano je i da je &#8222;pravo novinara da u odnosu prema dr\u017eavnim i drugim institucijama kontinuirano postavlja pitanja za koja smatra da su od javnog interesa, bez obzira da li je zamoljen da to prekine ili ne&#8220;.<\/p>\n\n\n\n<p>Takodje, &#8222;novinar se u prikupljanju informacija ne sme slu\u017eiti iznudom, pretnjom i proganjanjem izvora informacija, ali ni podmi\u0107ivanjem ili obe\u0107avanjem protivusluga&#8220;, pi\u0161e u smernicama.<\/p>\n\n\n\n<p>U odredbi &#8222;Privatnost&#8220; je ukazano da &#8222;novinar po\u0161tuje privatnost ljudi o kojima pi\u0161e&#8220;, te da, prilikom izve\u0161tavanja o nesre\u0107ama i krivi\u010dnim delima nije dozvoljeno objavljivanje imena i fotografija \u017ertava i po\u010dinilaca koje ih jasno identifikuju&#8220;.<\/p>\n\n\n\n<p>Navedeno je da &#8222;\u010dak i ukoliko nadle\u017eni dr\u017eavni organi objave podatke koji spadaju u domen privatnosti po\u010dinioca ili \u017ertve, mediji tu informaciju ne smeju da prenose&#8220;, te da &#8222;gre\u0161ka dr\u017eavnih organa ne podrazumeva &#8216;dozvolu&#8217; za kr\u0161enje eti\u010dkih principa profesije&#8220;.<\/p>\n\n\n\n<p>U predlogu izmena pi\u0161e i da &#8222;javne li\u010dnosti u\u017eivaju ni\u017ei nivo za\u0161tite privatnosti&#8220;, jer su kako je obja\u0161enjeno u smernicima &#8222;javne li\u010dnosti su osobe koje obavljaju javnu funkciju i\/ili koriste javne resurse&#8220;.<\/p>\n\n\n\n<p>&#8222;Podaci iz privatnog \u017eivota javnih li\u010dnosti objavljuju se samo ukoliko je to u javnom interesu, ukoliko imaju direktne posledice na vi\u0161e ljudi, u suprotnosti su s duhom funkcije koju ta li\u010dnost obavlja ili idejama koje javno zastupa&#8220;, dodaje se.<\/p>\n\n\n\n<p>Ukazano je, u smernicama i da &#8222;novinar mora da ima u vidu da sagovornici nisu uvek svesni mo\u0107i medija i posledica koje njihove izjave mogu da imaju po njih li\u010dno, kao i po ljude o kojima govore&#8220;.<\/p>\n\n\n\n<p>A u izve\u0161tavanju o doga\u0111ajima koji uklju\u010duju li\u010dni bol i \u0161ok, novinar je du\u017ean da svoja pitanja prilagodi tako da odra\u017eavaju duh saose\u0107anja i diskrecije.<\/p>\n\n\n\n<p>Fotoreporteri i snimatelji, kako je ukazano, du\u017eni su da se prilikom fotografisanja i snimanja \u017ertava nesre\u0107a i zlo\u010dina ophode sa obzirom i saose\u0107anjem, a &#8222;novinar ne izve\u0161tava sa sahrana, osim u slu\u010daju visoko profilisanih javnih li\u010dnosti&#8220;.<\/p>\n\n\n\n<p>Ukazano je i da mediji mogu koristiti ve\u0161ta\u010dku inteligenciju u stvaranju sadr\u017eaja &#8222;na dru\u0161tveno odgovoran i srazmeran na\u010din&#8220;, te da su du\u017eni da obaveste javnost da je medijski sadr\u017eaj &#8222;kreiran kori\u0161\u0107enjem alata zasnovanih na ve\u0161ta\u010dkoj inteligenciji&#8220;.<\/p>\n\n\n\n<p>izvor: Beta<\/p>\n","protected":false},"excerpt":{"rendered":"<p>Savet za \u0161tampu je danas predstavio predlog izmena Kodeksa novinara Srbije i pozvao druge da predloge i sugestije dostave do 7. maja, u sklopu javne rasprave.Izmene, kako je re\u010deno novinarima, &#8222;o\u0161trije su i jasnije&#8220; od postoje\u0107ih odredbi i, po oceni predlaga\u010da, &#8222;jasnije za primenu&#8220;. \u010clanica Saveta za \u0161tampu Tamara Skroza je kazala da je Kodeks [&hellip;]<\/p>\n","protected":false},"author":1,"featured_media":5440,"comment_status":"closed","ping_status":"closed","sticky":false,"template":"","format":"standard","meta":{"footnotes":""},"categories":[72],"tags":[],"class_list":["post-5439","post","type-post","status-publish","format-standard","has-post-thumbnail","hentry","category-72"],"aioseo_notices":[],"_links":{"self":[{"href":"https:\/\/javnost.rs\/index.php?rest_route=\/wp\/v2\/posts\/5439","targetHints":{"allow":["GET"]}}],"collection":[{"href":"https:\/\/javnost.rs\/index.php?rest_route=\/wp\/v2\/posts"}],"about":[{"href":"https:\/\/javnost.rs\/index.php?rest_route=\/wp\/v2\/types\/post"}],"author":[{"embeddable":true,"href":"https:\/\/javnost.rs\/index.php?rest_route=\/wp\/v2\/users\/1"}],"replies":[{"embeddable":true,"href":"https:\/\/javnost.rs\/index.php?rest_route=%2Fwp%2Fv2%2Fcomments&post=5439"}],"version-history":[{"count":1,"href":"https:\/\/javnost.rs\/index.php?rest_route=\/wp\/v2\/posts\/5439\/revisions"}],"predecessor-version":[{"id":5441,"href":"https:\/\/javnost.rs\/index.php?rest_route=\/wp\/v2\/posts\/5439\/revisions\/5441"}],"wp:featuredmedia":[{"embeddable":true,"href":"https:\/\/javnost.rs\/index.php?rest_route=\/wp\/v2\/media\/5440"}],"wp:attachment":[{"href":"https:\/\/javnost.rs\/index.php?rest_route=%2Fwp%2Fv2%2Fmedia&parent=5439"}],"wp:term":[{"taxonomy":"category","embeddable":true,"href":"https:\/\/javnost.rs\/index.php?rest_route=%2Fwp%2Fv2%2Fcategories&post=5439"},{"taxonomy":"post_tag","embeddable":true,"href":"https:\/\/javnost.rs\/index.php?rest_route=%2Fwp%2Fv2%2Ftags&post=5439"}],"curies":[{"name":"wp","href":"https:\/\/api.w.org\/{rel}","templated":true}]}}