{"id":5433,"date":"2024-04-02T15:34:12","date_gmt":"2024-04-02T13:34:12","guid":{"rendered":"https:\/\/javnost.rs\/?p=5433"},"modified":"2024-04-02T15:34:15","modified_gmt":"2024-04-02T13:34:15","slug":"istocno-sarajevo-folk-fest-2024","status":"publish","type":"post","link":"https:\/\/javnost.rs\/?p=5433","title":{"rendered":"Isto\u010dno Sarajevo Folk-fest 2024"},"content":{"rendered":"\n<p>Povodom Me\u0111unarodnog &#8222;Isto\u010dno Sarajevo Folk-festa 2024&#8220;, koji \u0107e ove godine biti humanitarnog karaktera, u Isto\u010dnoj Ilid\u017ei \u0107e sutra biti odr\u017eana konferencija za novinare.<\/p>\n\n\n\n<p>Rije\u010d je o Me\u0111unarodnom folklornom festivalu \u010diji je osniva\u010d Centar za kulturu i informisanje Isto\u010dna Ilid\u017ea, a koji se od 2022. godine odr\u017eava u Isto\u010dnom Sasrajevu.<\/p>\n\n\n\n<p>Ideja je da se kroz ovaj oblik okupljanja promovi\u0161e narodno stvarala\u0161tvo, razmjena kultura, ali i da se radi na promociji grada Isto\u010dno Sarajevo, gradskih op\u0161tina i njihovih turisti\u010dkih kapaciteta, saop\u0161teno je iz op\u0161tine Isto\u010dna Ilid\u017ea.<\/p>\n\n\n\n<p>Festival ima cikli\u010dni karakter i odr\u017eava se dva puta godi\u0161nje.<\/p>\n\n\n\n<p>&#8222;Na festivalu je do sada u\u010destvovalo 20 kulturno-umjetni\u010dkih dru\u0161tava iz BiH, Srbije, Crne Gore, Hrvatske i Rumunije, i vi\u0161e od 450 folklora\u0161a, \u0161to ga \u010dini jednim od najve\u0107h kod nas po broju u\u010desnika&#8220;, navodi se u saop\u0161tenju. Konferencija za novinare bi\u0107e odr\u017eana u 12.00 \u010dasova u sali Skup\u0161tine op\u0161tine Isto\u010dna Ilid\u017ea.<\/p>\n\n\n\n<p><\/p>\n","protected":false},"excerpt":{"rendered":"<p>Povodom Me\u0111unarodnog &#8222;Isto\u010dno Sarajevo Folk-festa 2024&#8220;, koji \u0107e ove godine biti humanitarnog karaktera, u Isto\u010dnoj Ilid\u017ei \u0107e sutra biti odr\u017eana konferencija za novinare. Rije\u010d je o Me\u0111unarodnom folklornom festivalu \u010diji je osniva\u010d Centar za kulturu i informisanje Isto\u010dna Ilid\u017ea, a koji se od 2022. godine odr\u017eava u Isto\u010dnom Sasrajevu. Ideja je da se kroz ovaj [&hellip;]<\/p>\n","protected":false},"author":1,"featured_media":5434,"comment_status":"closed","ping_status":"closed","sticky":false,"template":"","format":"standard","meta":{"footnotes":""},"categories":[76],"tags":[],"class_list":["post-5433","post","type-post","status-publish","format-standard","has-post-thumbnail","hentry","category-muzika"],"aioseo_notices":[],"_links":{"self":[{"href":"https:\/\/javnost.rs\/index.php?rest_route=\/wp\/v2\/posts\/5433","targetHints":{"allow":["GET"]}}],"collection":[{"href":"https:\/\/javnost.rs\/index.php?rest_route=\/wp\/v2\/posts"}],"about":[{"href":"https:\/\/javnost.rs\/index.php?rest_route=\/wp\/v2\/types\/post"}],"author":[{"embeddable":true,"href":"https:\/\/javnost.rs\/index.php?rest_route=\/wp\/v2\/users\/1"}],"replies":[{"embeddable":true,"href":"https:\/\/javnost.rs\/index.php?rest_route=%2Fwp%2Fv2%2Fcomments&post=5433"}],"version-history":[{"count":1,"href":"https:\/\/javnost.rs\/index.php?rest_route=\/wp\/v2\/posts\/5433\/revisions"}],"predecessor-version":[{"id":5435,"href":"https:\/\/javnost.rs\/index.php?rest_route=\/wp\/v2\/posts\/5433\/revisions\/5435"}],"wp:featuredmedia":[{"embeddable":true,"href":"https:\/\/javnost.rs\/index.php?rest_route=\/wp\/v2\/media\/5434"}],"wp:attachment":[{"href":"https:\/\/javnost.rs\/index.php?rest_route=%2Fwp%2Fv2%2Fmedia&parent=5433"}],"wp:term":[{"taxonomy":"category","embeddable":true,"href":"https:\/\/javnost.rs\/index.php?rest_route=%2Fwp%2Fv2%2Fcategories&post=5433"},{"taxonomy":"post_tag","embeddable":true,"href":"https:\/\/javnost.rs\/index.php?rest_route=%2Fwp%2Fv2%2Ftags&post=5433"}],"curies":[{"name":"wp","href":"https:\/\/api.w.org\/{rel}","templated":true}]}}