{"id":5426,"date":"2024-04-02T14:21:48","date_gmt":"2024-04-02T13:21:48","guid":{"rendered":"https:\/\/javnost.rs\/?p=5426"},"modified":"2024-04-02T14:21:53","modified_gmt":"2024-04-02T13:21:53","slug":"izlozba-riba-katarine-acimovic-u-banjaluckoj-galeriji-vagon","status":"publish","type":"post","link":"https:\/\/javnost.rs\/?p=5426","title":{"rendered":"Izlo\u017eba &#8222;Riba&#8220; Katarine A\u0107imovi\u0107 u banjalu\u010dkoj galeriji &#8222;Vagon&#8220;"},"content":{"rendered":"\n<p>Izlo\u017eba &#8222;Riba&#8220; umjetnice Katarine A\u0107imovi\u0107 bi\u0107e otvorena 4. aprila u banjalu\u010dkoj galeriji &#8222;Vagon&#8220;, sa po\u010detkom u 20 \u010dasova.<\/p>\n\n\n\n<p>Kako saop\u0161tavaju iz &#8222;Vagona&#8220;, Katarina A\u0107imovi\u0107 postavljaju\u0107i polazi\u0161te umjetni\u010dkog rada u okvir porodi\u010dnog naslje\u0111a, po\u010dev\u0161i od motiva ribe, koji za nju predstavlja simbol \u017eene, svoja umjetni\u010dka istra\u017eivanja dalje artikuli\u0161e i izra\u017eava koriste\u0107i crte\u017e, slikarstvo i instalaciju.<\/p>\n\n\n\n<p>&#8222;Heklanje, kao glavna inspiracija, u njenom slu\u010daju je otrgnut iz tradicionalnog okvira, i ona ga predstavlja u novom svjetlu, oboga\u0107eno njenim senzibilitetom i umjetni\u010dkom vizijom. Koriste\u0107i razli\u010dite likovne izraze, Katarina se poigrava sa mogu\u0107nostima koje nam takav vid umjetni\u010dkog naslje\u0111a pru\u017ea, ispituju\u0107i njegove mogu\u0107nosti kroz razli\u010dite medije, dekonstrui\u0161u\u0107i i njegovo tradicionalno poimanje, istovremeno oboga\u0107uju\u0107i svoj umjetni\u010dki izraz&#8220;, navode iz &#8222;Vagona&#8220;.<\/p>\n\n\n\n<p>Dodaju da je umjetni\u010dki rad Katarine A\u0107imovi\u0107 predstavljen kroz povezivanje, preplitanje i istra\u017eivanja porodi\u010dnog naslje\u0111a i pozicije \u017eena u svijetu umjetnosti.<\/p>\n\n\n\n<p>&#8222;Po\u010dev\u0161i od li\u010dne pri\u010de, od veza, kojim se bavi njena majka, Katarina gradi ovu izlo\u017ebu, postavljaju\u0107i pitanja o zna\u010daju naslje\u0111a u njenom stvarala\u0161tvu, o tome \u0161ta vez predstavlja u savremenoj umjetnosti, ulaze\u0107i i u domen pitanja pozicije \u017eene u umjetni\u010dkom svijetu&#8220;, saop\u0161tili su iz galerije &#8222;Vagon&#8220;.<\/p>\n\n\n\n<p>Navode da putem \u017eenskog naslje\u0111a, Katarina A\u0107imovi\u0107 nadogra\u0111uje svoj umjetni\u010dki izra\u017eaj premje\u0161taju\u0107i umjetnost u prostor u vidu tapiserija.<\/p>\n\n\n\n<p>&#8222;Vez, dugo vremena percipiran kao \u017eenski zanat, prostor \u017eenske dokolice, vremenom postaje dio umjetni\u010dkog izraza, na\u0161av\u0161i svoje mjesto i u stvarala\u0161tvu mnogih savremenih umjetnica&#8220;, zaklju\u010duju iz &#8222;Vagona&#8220;.<\/p>\n\n\n\n<p>izvor: Nezavisne<\/p>\n","protected":false},"excerpt":{"rendered":"<p>Izlo\u017eba &#8222;Riba&#8220; umjetnice Katarine A\u0107imovi\u0107 bi\u0107e otvorena 4. aprila u banjalu\u010dkoj galeriji &#8222;Vagon&#8220;, sa po\u010detkom u 20 \u010dasova. Kako saop\u0161tavaju iz &#8222;Vagona&#8220;, Katarina A\u0107imovi\u0107 postavljaju\u0107i polazi\u0161te umjetni\u010dkog rada u okvir porodi\u010dnog naslje\u0111a, po\u010dev\u0161i od motiva ribe, koji za nju predstavlja simbol \u017eene, svoja umjetni\u010dka istra\u017eivanja dalje artikuli\u0161e i izra\u017eava koriste\u0107i crte\u017e, slikarstvo i instalaciju. &#8222;Heklanje, [&hellip;]<\/p>\n","protected":false},"author":1,"featured_media":5430,"comment_status":"closed","ping_status":"closed","sticky":false,"template":"","format":"standard","meta":{"footnotes":""},"categories":[122],"tags":[],"class_list":["post-5426","post","type-post","status-publish","format-standard","has-post-thumbnail","hentry","category-slikarstvo"],"aioseo_notices":[],"_links":{"self":[{"href":"https:\/\/javnost.rs\/index.php?rest_route=\/wp\/v2\/posts\/5426","targetHints":{"allow":["GET"]}}],"collection":[{"href":"https:\/\/javnost.rs\/index.php?rest_route=\/wp\/v2\/posts"}],"about":[{"href":"https:\/\/javnost.rs\/index.php?rest_route=\/wp\/v2\/types\/post"}],"author":[{"embeddable":true,"href":"https:\/\/javnost.rs\/index.php?rest_route=\/wp\/v2\/users\/1"}],"replies":[{"embeddable":true,"href":"https:\/\/javnost.rs\/index.php?rest_route=%2Fwp%2Fv2%2Fcomments&post=5426"}],"version-history":[{"count":1,"href":"https:\/\/javnost.rs\/index.php?rest_route=\/wp\/v2\/posts\/5426\/revisions"}],"predecessor-version":[{"id":5431,"href":"https:\/\/javnost.rs\/index.php?rest_route=\/wp\/v2\/posts\/5426\/revisions\/5431"}],"wp:featuredmedia":[{"embeddable":true,"href":"https:\/\/javnost.rs\/index.php?rest_route=\/wp\/v2\/media\/5430"}],"wp:attachment":[{"href":"https:\/\/javnost.rs\/index.php?rest_route=%2Fwp%2Fv2%2Fmedia&parent=5426"}],"wp:term":[{"taxonomy":"category","embeddable":true,"href":"https:\/\/javnost.rs\/index.php?rest_route=%2Fwp%2Fv2%2Fcategories&post=5426"},{"taxonomy":"post_tag","embeddable":true,"href":"https:\/\/javnost.rs\/index.php?rest_route=%2Fwp%2Fv2%2Ftags&post=5426"}],"curies":[{"name":"wp","href":"https:\/\/api.w.org\/{rel}","templated":true}]}}