{"id":5348,"date":"2024-03-29T22:39:16","date_gmt":"2024-03-29T21:39:16","guid":{"rendered":"https:\/\/javnost.rs\/?p=5348"},"modified":"2024-03-29T22:39:21","modified_gmt":"2024-03-29T21:39:21","slug":"sajam-banja-luka-expo-2024-spreman-za-300-izlagaca","status":"publish","type":"post","link":"https:\/\/javnost.rs\/?p=5348","title":{"rendered":"Sajam &#8222;Banja Luka Expo 2024&#8220; spreman za 300 izlaga\u010da"},"content":{"rendered":"\n<p>Prvi Me\u0111unarodni sajam privrede &#8222;Banjaluka Ekspo 2024&#8220; bi\u0107e jedan od najve\u0107ih privrednih doga\u0111aja u BiH koji \u0107e od srijede do petka, 3. do 5. aprila, u Banjaluci okupiti oko 300 izlaga\u010da iz regiona i svijeta, rekao je ministar privrede i preduzetni\u0161tva Republike Srpske Vojin Mitrovi\u0107.<\/p>\n\n\n\n<p>&#8222;Na sajmu \u0107e biti izlaga\u010di iz razli\u010ditih oblasti, drvne i metalne industrije, elektro i IT sektora, dizajna, finansija. Bi\u0107e prisutne i razli\u010dite organizacije, ministarstva, agencije, finansijske institucuje&#8220;, rekao je Mitrovi\u0107 novinarima u Banjaluci.<\/p>\n\n\n\n<p>Mitrovi\u0107 je dodao da je Srbija zemlja partner sajma, a da je njegov pokrovitelj predsjednik Republike Srpske Milorad Dodik.<\/p>\n\n\n<div class=\"wp-block-image\">\n<figure class=\"aligncenter size-full\"><img fetchpriority=\"high\" decoding=\"async\" width=\"750\" height=\"470\" src=\"https:\/\/javnost.rs\/wp-content\/uploads\/2024\/03\/vmblexpo.jpg\" alt=\"\" class=\"wp-image-5350\" srcset=\"https:\/\/javnost.rs\/wp-content\/uploads\/2024\/03\/vmblexpo.jpg 750w, https:\/\/javnost.rs\/wp-content\/uploads\/2024\/03\/vmblexpo-300x188.jpg 300w\" sizes=\"(max-width: 750px) 100vw, 750px\" \/><\/figure>\n<\/div>\n\n\n<p>&#8222;Me\u0111unarodni sajam je odli\u010dno mjesto gdje se uspostavljaju platforme privrednog razvoja i unapre\u0111enja poslovanja. Privrednici, koji \u0107e na sajmu izlagati proizvode i usluge, mo\u0107i \u0107e da kontaktiraju sa partnerima i kupcima, te da razmjenjuju iskustva i korisne informacije&#8220;, rekao je Mitrovi\u0107 i dodao da resorno ministarstvo podr\u017eava organizovanje ovakvih manifestacija.<\/p>\n\n\n\n<p>Direktor Gradske razvojne agencije Banjaluka Neven Stani\u0107 rekao je da \u0107e na sajmu u\u010destvovati predstavnici deset zemalja EU, kao i poslovnih delegacija iz Kine i Ma\u0111arske, istakav\u0161i da o\u010dekuje da \u0107e ova manifestacija povezati privrednike.<\/p>\n\n\n\n<p>&#8222;Izlaga\u010di \u0107e se predstaviti na vi\u0161e od 15.000 metara kvadratnih prostora u studentskom Kampusu, od \u010dega je 6.000 na otvorenom prostoru. Uvjeren sam da \u0107e posjetioci imati \u0161ta da vide&#8220;, rekao je Stani\u0107.<\/p>\n\n\n\n<p>Maja Kragulj iz kompanije &#8222;Teknohgrup BH&#8220;, koja \u0107e biti izlaga\u010d na sajmu, rekla je da je ova kompanija prepoznala zna\u010daj ovog doga\u0111aja na kojem \u0107e u\u010destvovati kao ekskluzivni partner.<\/p>\n\n\n\n<p>Darko Savi\u0107 iz privrednog dru\u0161tva &#8222;Savi\u0107 invest gradnja&#8220; smatra da Banjaluka i Republika Srpska organizovanjem sajma treba da iskoriste ovu \u0161ansu za privredu Srpske.<\/p>\n\n\n\n<p>On smatra da je prednost ovog sajma \u0161to \u0107e predstavnici vi\u0161e firmi i partnera na jednom mjestu lak\u0161e i br\u017ee uspostaviti poslovnu saradnju.<\/p>\n\n\n\n<p>Organizatori sajma &#8222;Banjaluka Ekspo 2024&#8220; su kompanije &#8222;RS konsalting end trejd&#8220; Banjaluka i &#8222;Elit fer&#8220; Banjaluka, uz institucionalnu podr\u0161ku Vlade Republike Srpsk, Ministarstva spoljne trgovine i ekonomskih odnosa u Savjetu ministara, Spoljnotrgovinske komore BiH, Privredne komore Republike Srpske i grada Banjaluka.<\/p>\n\n\n\n<p>Izvor:Srna<\/p>\n","protected":false},"excerpt":{"rendered":"<p>Prvi Me\u0111unarodni sajam privrede &#8222;Banjaluka Ekspo 2024&#8220; bi\u0107e jedan od najve\u0107ih privrednih doga\u0111aja u BiH koji \u0107e od srijede do petka, 3. do 5. aprila, u Banjaluci okupiti oko 300 izlaga\u010da iz regiona i svijeta, rekao je ministar privrede i preduzetni\u0161tva Republike Srpske Vojin Mitrovi\u0107. &#8222;Na sajmu \u0107e biti izlaga\u010di iz razli\u010ditih oblasti, drvne i [&hellip;]<\/p>\n","protected":false},"author":1,"featured_media":5349,"comment_status":"closed","ping_status":"closed","sticky":false,"template":"","format":"standard","meta":{"footnotes":""},"categories":[82],"tags":[],"class_list":["post-5348","post","type-post","status-publish","format-standard","has-post-thumbnail","hentry","category-drustvo"],"aioseo_notices":[],"_links":{"self":[{"href":"https:\/\/javnost.rs\/index.php?rest_route=\/wp\/v2\/posts\/5348","targetHints":{"allow":["GET"]}}],"collection":[{"href":"https:\/\/javnost.rs\/index.php?rest_route=\/wp\/v2\/posts"}],"about":[{"href":"https:\/\/javnost.rs\/index.php?rest_route=\/wp\/v2\/types\/post"}],"author":[{"embeddable":true,"href":"https:\/\/javnost.rs\/index.php?rest_route=\/wp\/v2\/users\/1"}],"replies":[{"embeddable":true,"href":"https:\/\/javnost.rs\/index.php?rest_route=%2Fwp%2Fv2%2Fcomments&post=5348"}],"version-history":[{"count":1,"href":"https:\/\/javnost.rs\/index.php?rest_route=\/wp\/v2\/posts\/5348\/revisions"}],"predecessor-version":[{"id":5351,"href":"https:\/\/javnost.rs\/index.php?rest_route=\/wp\/v2\/posts\/5348\/revisions\/5351"}],"wp:featuredmedia":[{"embeddable":true,"href":"https:\/\/javnost.rs\/index.php?rest_route=\/wp\/v2\/media\/5349"}],"wp:attachment":[{"href":"https:\/\/javnost.rs\/index.php?rest_route=%2Fwp%2Fv2%2Fmedia&parent=5348"}],"wp:term":[{"taxonomy":"category","embeddable":true,"href":"https:\/\/javnost.rs\/index.php?rest_route=%2Fwp%2Fv2%2Fcategories&post=5348"},{"taxonomy":"post_tag","embeddable":true,"href":"https:\/\/javnost.rs\/index.php?rest_route=%2Fwp%2Fv2%2Ftags&post=5348"}],"curies":[{"name":"wp","href":"https:\/\/api.w.org\/{rel}","templated":true}]}}