{"id":5345,"date":"2024-03-29T22:31:06","date_gmt":"2024-03-29T21:31:06","guid":{"rendered":"https:\/\/javnost.rs\/?p=5345"},"modified":"2024-03-29T23:03:02","modified_gmt":"2024-03-29T22:03:02","slug":"dan-otvorenih-vrata-univerziteta-u-istocnom-sarajevu","status":"publish","type":"post","link":"https:\/\/javnost.rs\/?p=5345","title":{"rendered":"Dan otvorenih vrata Univerziteta u Isto\u010dnom Sarajevu"},"content":{"rendered":"\n<p>Univerzitet u Isto\u010dnom Sarajevu danas je srednjo\u0161kolcima zavr\u0161nih razreda iz op\u0161tina iz sastava grada i Rogatice predstavio fakultete i akademije i koje su prednosti studiranja na tim studijskim programima, s obzirom na to da je ova ustanova na prvom mjestu na SIR listi me\u0111u univerzitetima iz BiH.<\/p>\n\n\n\n<p>Rektor Univerziteta u Isto\u010dnom Sarajevu Milan Kuli\u0107 rekao je da su Dani otvorenih vrata odr\u017eani i u Bijeljini, Doboju i Fo\u010di i da su zadovoljni odzivom srednj\u0161kolaca.<\/p>\n\n\n\n<p>&#8222;Na ove \u010detiri lokacije bilo je prisutno blizu 2.000 srednjo\u0161kolaca. Mi o\u010dekujemo da odre\u0111en broj njih upi\u0161e Univerzitet u Isto\u010dnom Sarajevu. Ovom manifestacijom ne zavr\u0161ava se promocija Univerziteta, ona traje 365 dana u godini&#8220;, istakao je Kuli\u0107.<\/p>\n\n\n\n<p>On je dodao da je najve\u0107e interesovanje prethodnih godina, kada je rije\u010d o upisu studenata, vladalo za studijske programe na Medicinskom, Pravnom, Ekonomskom, Elektritehni\u010dkom, za psihologiju i kineski jezik na Filozofskom fakultetu i za dvije akademije.<\/p>\n\n\n\n<p>Kuli\u0107 je naveo da su posebnu pa\u017enju posvetili dru\u0161tevnim mre\u017eama i promociji studijskih programa fakulteta i akademija iz sastava ove visokoobrazovne ustanove.<\/p>\n\n\n\n<p>On je napomenuo da je Univerzitet u Isto\u010dnom Sarajevu i ove godine zauzeo prvo mjesto me\u0111u univerzitetima u BiH na &#8222;Scimago institu\u0161n renking&#8220; \/SCImago institutions rankings\/ SIR listi.<\/p>\n\n\n\n<p>SIR je me\u0111unarodni i po\u0161tovan sistem rangiranja koji procjenjuje rezultate istra\u017eivanja i uticaj univerziteta i istra\u017eiva\u010dkih institucija \u0161irom svijeta.<\/p>\n\n\n\n<p>Predsjednik Studentskog parlamenta Univerziteta u Isto\u010dnom Sarajevu Nikola Lap\u010devi\u0107 preporu\u010dio je srednjo\u0161kolcima da izaberu jedan od 15 fakulteta i dvije akademije ove visokoobrazovne ustanove, jer je profesorski kadar odli\u010dan, a imaju i dobre me\u0111unarodne ugovore za razmjenu studenata.<\/p>\n\n\n\n<p>U\u010denik Srednjo\u0161kolskog centra Pale Ivan Bandi\u0107 rekao je da ga interesuje odsjek filozofije, odnosno istorija i arheologija, \u010dime \u017eeli da se bavi.<\/p>\n\n\n\n<p>U\u010denica Srednje \u0161kole &#8222;28. juni&#8220; u Isto\u010dnom Novom Sarajevu Ana Puhalo ka\u017ee da je najvi\u0161e zanima Elektrotehni\u010dki fakultet i da je ovo predstavljanje dobra prilika da se dodatno informi\u0161u.<\/p>\n\n\n\n<p>izvor i foto: Srna<\/p>\n","protected":false},"excerpt":{"rendered":"<p>Univerzitet u Isto\u010dnom Sarajevu danas je srednjo\u0161kolcima zavr\u0161nih razreda iz op\u0161tina iz sastava grada i Rogatice predstavio fakultete i akademije i koje su prednosti studiranja na tim studijskim programima, s obzirom na to da je ova ustanova na prvom mjestu na SIR listi me\u0111u univerzitetima iz BiH. Rektor Univerziteta u Isto\u010dnom Sarajevu Milan Kuli\u0107 rekao [&hellip;]<\/p>\n","protected":false},"author":1,"featured_media":5357,"comment_status":"closed","ping_status":"closed","sticky":false,"template":"","format":"standard","meta":{"footnotes":""},"categories":[83],"tags":[],"class_list":["post-5345","post","type-post","status-publish","format-standard","has-post-thumbnail","hentry","category-83"],"aioseo_notices":[],"_links":{"self":[{"href":"https:\/\/javnost.rs\/index.php?rest_route=\/wp\/v2\/posts\/5345","targetHints":{"allow":["GET"]}}],"collection":[{"href":"https:\/\/javnost.rs\/index.php?rest_route=\/wp\/v2\/posts"}],"about":[{"href":"https:\/\/javnost.rs\/index.php?rest_route=\/wp\/v2\/types\/post"}],"author":[{"embeddable":true,"href":"https:\/\/javnost.rs\/index.php?rest_route=\/wp\/v2\/users\/1"}],"replies":[{"embeddable":true,"href":"https:\/\/javnost.rs\/index.php?rest_route=%2Fwp%2Fv2%2Fcomments&post=5345"}],"version-history":[{"count":2,"href":"https:\/\/javnost.rs\/index.php?rest_route=\/wp\/v2\/posts\/5345\/revisions"}],"predecessor-version":[{"id":5364,"href":"https:\/\/javnost.rs\/index.php?rest_route=\/wp\/v2\/posts\/5345\/revisions\/5364"}],"wp:featuredmedia":[{"embeddable":true,"href":"https:\/\/javnost.rs\/index.php?rest_route=\/wp\/v2\/media\/5357"}],"wp:attachment":[{"href":"https:\/\/javnost.rs\/index.php?rest_route=%2Fwp%2Fv2%2Fmedia&parent=5345"}],"wp:term":[{"taxonomy":"category","embeddable":true,"href":"https:\/\/javnost.rs\/index.php?rest_route=%2Fwp%2Fv2%2Fcategories&post=5345"},{"taxonomy":"post_tag","embeddable":true,"href":"https:\/\/javnost.rs\/index.php?rest_route=%2Fwp%2Fv2%2Ftags&post=5345"}],"curies":[{"name":"wp","href":"https:\/\/api.w.org\/{rel}","templated":true}]}}