{"id":5310,"date":"2024-03-28T23:08:34","date_gmt":"2024-03-28T22:08:34","guid":{"rendered":"https:\/\/javnost.rs\/?p=5310"},"modified":"2024-03-28T23:08:37","modified_gmt":"2024-03-28T22:08:37","slug":"u-muzeju-primenjene-umetnosti-u-beogradu-otvoren-46-salon-arhitekture","status":"publish","type":"post","link":"https:\/\/javnost.rs\/?p=5310","title":{"rendered":"U Muzeju primenjene umetnosti u Beogradu otvoren 46. Salon arhitekture"},"content":{"rendered":"\n<p>Sve\u010dano otvaranje 46. izdanja Salona arhitekture odr\u017eano je ve\u010deras u Muzeju primenjene umetnosti u Beogradu &#8211; prenosi Tanjug.<\/p>\n\n\n\n<p>Salon predstavlja arhitektonski ekosistem u Srbiji i realizovan je u koprodukciji i organizaciji Muzeja primenjene umetnosti (MPU) u saradnji sa Udru\u017eenjem arhitekata Srbije (UAS), Asocijacijom srpskih arhitektonskih praksi (ASAP) i \u017denskog arhitektonskog dru\u0161tva (\u017dAD).<\/p>\n\n\n\n<p>Sve navedene ustanove i udru\u017eenja su istovremeno i autori koncepta 46. izdanja &#8211; objavio je Tanjug.<\/p>\n\n\n\n<p>Izvor i foto: <a href=\"https:\/\/www.tanjug.rs\/kultura\/art\/81376\/u-muzeju-primenjene-umetnosti-u-beogradu-otvoren-46-salon-arhitekture\/vest\" title=\"\">Tanjug<\/a><\/p>\n","protected":false},"excerpt":{"rendered":"<p>Sve\u010dano otvaranje 46. izdanja Salona arhitekture odr\u017eano je ve\u010deras u Muzeju primenjene umetnosti u Beogradu &#8211; prenosi Tanjug. Salon predstavlja arhitektonski ekosistem u Srbiji i realizovan je u koprodukciji i organizaciji Muzeja primenjene umetnosti (MPU) u saradnji sa Udru\u017eenjem arhitekata Srbije (UAS), Asocijacijom srpskih arhitektonskih praksi (ASAP) i \u017denskog arhitektonskog dru\u0161tva (\u017dAD). Sve navedene ustanove [&hellip;]<\/p>\n","protected":false},"author":1,"featured_media":5311,"comment_status":"closed","ping_status":"closed","sticky":false,"template":"","format":"standard","meta":{"footnotes":""},"categories":[71],"tags":[],"class_list":["post-5310","post","type-post","status-publish","format-standard","has-post-thumbnail","hentry","category-71"],"aioseo_notices":[],"_links":{"self":[{"href":"https:\/\/javnost.rs\/index.php?rest_route=\/wp\/v2\/posts\/5310","targetHints":{"allow":["GET"]}}],"collection":[{"href":"https:\/\/javnost.rs\/index.php?rest_route=\/wp\/v2\/posts"}],"about":[{"href":"https:\/\/javnost.rs\/index.php?rest_route=\/wp\/v2\/types\/post"}],"author":[{"embeddable":true,"href":"https:\/\/javnost.rs\/index.php?rest_route=\/wp\/v2\/users\/1"}],"replies":[{"embeddable":true,"href":"https:\/\/javnost.rs\/index.php?rest_route=%2Fwp%2Fv2%2Fcomments&post=5310"}],"version-history":[{"count":1,"href":"https:\/\/javnost.rs\/index.php?rest_route=\/wp\/v2\/posts\/5310\/revisions"}],"predecessor-version":[{"id":5312,"href":"https:\/\/javnost.rs\/index.php?rest_route=\/wp\/v2\/posts\/5310\/revisions\/5312"}],"wp:featuredmedia":[{"embeddable":true,"href":"https:\/\/javnost.rs\/index.php?rest_route=\/wp\/v2\/media\/5311"}],"wp:attachment":[{"href":"https:\/\/javnost.rs\/index.php?rest_route=%2Fwp%2Fv2%2Fmedia&parent=5310"}],"wp:term":[{"taxonomy":"category","embeddable":true,"href":"https:\/\/javnost.rs\/index.php?rest_route=%2Fwp%2Fv2%2Fcategories&post=5310"},{"taxonomy":"post_tag","embeddable":true,"href":"https:\/\/javnost.rs\/index.php?rest_route=%2Fwp%2Fv2%2Ftags&post=5310"}],"curies":[{"name":"wp","href":"https:\/\/api.w.org\/{rel}","templated":true}]}}