{"id":5297,"date":"2024-03-28T22:29:09","date_gmt":"2024-03-28T21:29:09","guid":{"rendered":"https:\/\/javnost.rs\/?p=5297"},"modified":"2024-03-28T22:29:12","modified_gmt":"2024-03-28T21:29:12","slug":"susreti-srpskih-zemalja-na-jahorini","status":"publish","type":"post","link":"https:\/\/javnost.rs\/?p=5297","title":{"rendered":"&#8222;Susreti srpskih zemalja&#8220; na Jahorini"},"content":{"rendered":"\n<p>Na \u0408ahorini je ve\u010deras po\u010dela kulturno-sportska manifestacija &#8222;Susreti srpskih zemalja&#8220; koja je okupila 220 u\u010desnika iz Republike Srpske, Srbije, Crne Gore, Sjeverne Makedonije i Hrvatske s ciljem afirmacije srpske kulture i tradicije.<\/p>\n\n\n\n<p>Predsjednik Udru\u017eenja za odbranu \u0107irilice &#8222;Dobrica Eri\u0107&#8220; iz Beograda Ljubinko Stojanovi\u0107 izjavio je novinarima da je slogan ovogodi\u0161nje manifestacije &#8222;30 godina postojimo u sabornosti Srbije i Srpske&#8220;.<\/p>\n\n\n\n<p>Stojanovi\u0107 je istakao da je manifestacija nastala iz ideje da se Srbi okupe i objedine, a da je \u0408ahorina odabrana kao mjesto na kojem mo\u017ee da se poka\u017ee sabornost i jedinstvo.<\/p>\n\n\n\n<p>&#8211; Prve godine kada smo bili na \u0408ahorini otpo\u010deli smo na\u0161u manifestaciju svetosavskom himnom. Svetosavlje je ne\u0161to \u0161to nas sve okuplja &#8211; rekao je Stojanovi\u0107 i dodao da \u0107e osve\u0161tane ikone Svetog Save biti dodijeljene zaslu\u017enim pojedincima koji su pomagali organizatorima svih ovih godina.<\/p>\n\n\n\n<p>On je dodao da je manifestacija okupila kulturno-umjetni\u010dka dru\u0161tva i sve ono \u0161to ima zna\u010dajne vrijednosti u oblasti kulture.<\/p>\n\n\n\n<p>Stojanovi\u0107 je naveo da \u0107e sutra u 17.00 \u010dasova u Kulturnom centru Isto\u010dno Sarajevo biti uprili\u010dena akademija povodom pet godina od smrti srpskog pjesnika Dobrice Eri\u0107a, na kojem \u0107e u\u010destvovati Srpski pravoslavni pojci iz Beograda, pjeva\u010dka grupa &#8222;Prosvjeta&#8220; iz Vukovara, &#8222;Srpski vez&#8220; iz Kumanova, pjeva\u010di, te biti progla\u0161en pobjednik literarnog konkursa o temi &#8222;Svi moji preci&#8220;.<\/p>\n\n\n\n<p>Helena Ini\u0107 iz Gra\u010danice ka\u017ee da je prvi put na \u0408ahorini, da joj je drago \u0161to u\u010destvuje na manifestaciji koja njeguje srpsku kulturu i tradiciju, a svoje umije\u0107e pokaza\u0107e sutra na sve\u010danoj akademiji.<\/p>\n\n\n<div class=\"wp-block-image\">\n<figure class=\"aligncenter size-large\"><img fetchpriority=\"high\" decoding=\"async\" width=\"614\" height=\"1024\" src=\"https:\/\/javnost.rs\/wp-content\/uploads\/2024\/03\/ssss-614x1024.jpg\" alt=\"\" class=\"wp-image-5299\" srcset=\"https:\/\/javnost.rs\/wp-content\/uploads\/2024\/03\/ssss-614x1024.jpg 614w, https:\/\/javnost.rs\/wp-content\/uploads\/2024\/03\/ssss-180x300.jpg 180w, https:\/\/javnost.rs\/wp-content\/uploads\/2024\/03\/ssss-768x1281.jpg 768w, https:\/\/javnost.rs\/wp-content\/uploads\/2024\/03\/ssss-921x1536.jpg 921w, https:\/\/javnost.rs\/wp-content\/uploads\/2024\/03\/ssss.jpg 959w\" sizes=\"(max-width: 614px) 100vw, 614px\" \/><\/figure>\n<\/div>\n\n\n<p>Sve\u010dano otvaranje &#8222;Susreta srpskih zemalja&#8220; planirano je u subotu, 30. marta, na Palama, a svoje umije\u0107e predstavi\u0107e dva nacionalna ansambla &#8222;Venac&#8220; i &#8222;Kolo&#8220;, uz anasamble sa Pala, Banjaluke, iz Hrvatske i Sjeverne Makedonije.<\/p>\n\n\n\n<p>Ideja i pripreme za manifestaciju &#8222;Susret srpskih zemalja&#8220; po\u010deli su 1994. godine, a prvi &#8222;Susreti&#8220; organizovani su ratne 1995. godine i od tada uz kulturne, sportske i humanitarne sadr\u017eaje svake godine okupljaju Srbe iz regiona i dijaspore, sa izuzetkom prekida tokom NATO agresije na SR\u0408 1999. godine i pandemije virusa korona tokom 2020 i 2021. godine.<\/p>\n\n\n\n<p>&#8222;Susreti srpskih zemalja&#8220; se odr\u017eavaju u organizaciji Udru\u017eenja za odbranu \u0107irilice &#8222;Dobrica Eri\u0107&#8220; iz Beograda, Predstavni\u0161tva Republike Srpske u Srbiji i uz pomo\u0107 dugogodi\u0161njih prijatelja manifestacije i traja\u0107e do nedjelje, 31. marta.<\/p>\n\n\n\n<p>Izvor: Srna, Foto: RTVIS<\/p>\n","protected":false},"excerpt":{"rendered":"<p>Na \u0408ahorini je ve\u010deras po\u010dela kulturno-sportska manifestacija &#8222;Susreti srpskih zemalja&#8220; koja je okupila 220 u\u010desnika iz Republike Srpske, Srbije, Crne Gore, Sjeverne Makedonije i Hrvatske s ciljem afirmacije srpske kulture i tradicije. Predsjednik Udru\u017eenja za odbranu \u0107irilice &#8222;Dobrica Eri\u0107&#8220; iz Beograda Ljubinko Stojanovi\u0107 izjavio je novinarima da je slogan ovogodi\u0161nje manifestacije &#8222;30 godina postojimo u [&hellip;]<\/p>\n","protected":false},"author":1,"featured_media":5298,"comment_status":"closed","ping_status":"closed","sticky":false,"template":"","format":"standard","meta":{"footnotes":""},"categories":[82],"tags":[],"class_list":["post-5297","post","type-post","status-publish","format-standard","has-post-thumbnail","hentry","category-drustvo"],"aioseo_notices":[],"_links":{"self":[{"href":"https:\/\/javnost.rs\/index.php?rest_route=\/wp\/v2\/posts\/5297","targetHints":{"allow":["GET"]}}],"collection":[{"href":"https:\/\/javnost.rs\/index.php?rest_route=\/wp\/v2\/posts"}],"about":[{"href":"https:\/\/javnost.rs\/index.php?rest_route=\/wp\/v2\/types\/post"}],"author":[{"embeddable":true,"href":"https:\/\/javnost.rs\/index.php?rest_route=\/wp\/v2\/users\/1"}],"replies":[{"embeddable":true,"href":"https:\/\/javnost.rs\/index.php?rest_route=%2Fwp%2Fv2%2Fcomments&post=5297"}],"version-history":[{"count":1,"href":"https:\/\/javnost.rs\/index.php?rest_route=\/wp\/v2\/posts\/5297\/revisions"}],"predecessor-version":[{"id":5300,"href":"https:\/\/javnost.rs\/index.php?rest_route=\/wp\/v2\/posts\/5297\/revisions\/5300"}],"wp:featuredmedia":[{"embeddable":true,"href":"https:\/\/javnost.rs\/index.php?rest_route=\/wp\/v2\/media\/5298"}],"wp:attachment":[{"href":"https:\/\/javnost.rs\/index.php?rest_route=%2Fwp%2Fv2%2Fmedia&parent=5297"}],"wp:term":[{"taxonomy":"category","embeddable":true,"href":"https:\/\/javnost.rs\/index.php?rest_route=%2Fwp%2Fv2%2Fcategories&post=5297"},{"taxonomy":"post_tag","embeddable":true,"href":"https:\/\/javnost.rs\/index.php?rest_route=%2Fwp%2Fv2%2Ftags&post=5297"}],"curies":[{"name":"wp","href":"https:\/\/api.w.org\/{rel}","templated":true}]}}