{"id":5293,"date":"2024-03-28T22:19:34","date_gmt":"2024-03-28T21:19:34","guid":{"rendered":"https:\/\/javnost.rs\/?p=5293"},"modified":"2024-03-28T22:19:39","modified_gmt":"2024-03-28T21:19:39","slug":"otvorena-izlozba-vladana-radovanovica","status":"publish","type":"post","link":"https:\/\/javnost.rs\/?p=5293","title":{"rendered":"Otvorena izlo\u017eba Vladana Radovanovi\u0107a"},"content":{"rendered":"\n<p>U &#8222;Muzeju savremene umetnosti&#8220; u Beogradu otvorena je retrospektivna izlo\u017eba \u201eIspred vremena i izvan\u201c Vladana Radovanovi\u0107a, nedavno preminulog vi\u0161emedijskog umjetnika i jednog od najzna\u010dajnijeg doma\u0107ih savremenih kompozitora. <\/p>\n\n\n\n<p>Ova izlo\u017eba predstavlja pregled njegovog dugogodi\u0161njeg stvarala\u0161tva u mnogobrojnim oblastima umjetnosti i novog \u010ditanja njegovog zna\u010daja u kontekstu avangardnih tendencija i praksi srpske umjetnosti druge polovine pro\u0161log i prvih decenija 21. veka. <\/p>\n\n\n\n<p>Autor koncepcije i kustos izlo\u017ebe je Sa\u0161a Janji\u0107, a kustos iz Muzeja savremene umetnosti je Una Popovi\u0107, rukovodilac Zbirke fotografije, filma, videa i digitalnih medija MSU.<\/p>\n\n\n\n<p>Postavka \u0107e trajati do 10. septembra &#8211; prenosi Tanjug.<\/p>\n\n\n\n<p>Izvor: Tanjug<\/p>\n\n\n\n<p><\/p>\n","protected":false},"excerpt":{"rendered":"<p>U &#8222;Muzeju savremene umetnosti&#8220; u Beogradu otvorena je retrospektivna izlo\u017eba \u201eIspred vremena i izvan\u201c Vladana Radovanovi\u0107a, nedavno preminulog vi\u0161emedijskog umjetnika i jednog od najzna\u010dajnijeg doma\u0107ih savremenih kompozitora. Ova izlo\u017eba predstavlja pregled njegovog dugogodi\u0161njeg stvarala\u0161tva u mnogobrojnim oblastima umjetnosti i novog \u010ditanja njegovog zna\u010daja u kontekstu avangardnih tendencija i praksi srpske umjetnosti druge polovine pro\u0161log i [&hellip;]<\/p>\n","protected":false},"author":1,"featured_media":5294,"comment_status":"closed","ping_status":"closed","sticky":false,"template":"","format":"standard","meta":{"footnotes":""},"categories":[71],"tags":[],"class_list":["post-5293","post","type-post","status-publish","format-standard","has-post-thumbnail","hentry","category-71"],"aioseo_notices":[],"_links":{"self":[{"href":"https:\/\/javnost.rs\/index.php?rest_route=\/wp\/v2\/posts\/5293","targetHints":{"allow":["GET"]}}],"collection":[{"href":"https:\/\/javnost.rs\/index.php?rest_route=\/wp\/v2\/posts"}],"about":[{"href":"https:\/\/javnost.rs\/index.php?rest_route=\/wp\/v2\/types\/post"}],"author":[{"embeddable":true,"href":"https:\/\/javnost.rs\/index.php?rest_route=\/wp\/v2\/users\/1"}],"replies":[{"embeddable":true,"href":"https:\/\/javnost.rs\/index.php?rest_route=%2Fwp%2Fv2%2Fcomments&post=5293"}],"version-history":[{"count":1,"href":"https:\/\/javnost.rs\/index.php?rest_route=\/wp\/v2\/posts\/5293\/revisions"}],"predecessor-version":[{"id":5295,"href":"https:\/\/javnost.rs\/index.php?rest_route=\/wp\/v2\/posts\/5293\/revisions\/5295"}],"wp:featuredmedia":[{"embeddable":true,"href":"https:\/\/javnost.rs\/index.php?rest_route=\/wp\/v2\/media\/5294"}],"wp:attachment":[{"href":"https:\/\/javnost.rs\/index.php?rest_route=%2Fwp%2Fv2%2Fmedia&parent=5293"}],"wp:term":[{"taxonomy":"category","embeddable":true,"href":"https:\/\/javnost.rs\/index.php?rest_route=%2Fwp%2Fv2%2Fcategories&post=5293"},{"taxonomy":"post_tag","embeddable":true,"href":"https:\/\/javnost.rs\/index.php?rest_route=%2Fwp%2Fv2%2Ftags&post=5293"}],"curies":[{"name":"wp","href":"https:\/\/api.w.org\/{rel}","templated":true}]}}