{"id":5277,"date":"2024-03-28T14:47:00","date_gmt":"2024-03-28T13:47:00","guid":{"rendered":"https:\/\/javnost.rs\/?p=5277"},"modified":"2024-03-28T21:54:02","modified_gmt":"2024-03-28T20:54:02","slug":"fotografijom-kroz-srpsku","status":"publish","type":"post","link":"https:\/\/javnost.rs\/?p=5277","title":{"rendered":"Fotografijom kroz Srpsku"},"content":{"rendered":"\n<p>U holu Gradske uprave Isto\u010dno Sarajevo danas je izlo\u017eeno 40 fotografija koje su, prema ocjeni stru\u010dnog \u017eirija, u\u0161le u u\u017ei izbor na foto-konkursu &#8222;Fotografijom kroz Srpsku&#8220;, koji je realizovala Turisti\u010dka organizacija Republike Srpske.<\/p>\n\n\n\n<p>Prvo mjesto na ovom konkursu pripalo je fotografiji snimljenoj na Manja\u010di, autora Vladimira \u0110akovi\u0107a, koji je dobio priznanje i turisti\u010dki aran\u017eman na teritoriji Srpske po \u017eelji u iznosu od 1.000 \u041aM.<br>Drugo mjesto osvojio je Demir Pepi\u0107 sa fotografijom Vrela Miljacke, a tre\u0107e Boris Trogran\u010di\u0107 sa fotografijom Ov\u010dijeg Broda.<\/p>\n\n\n\n<p>Na konkursu, koji je organizovan uz podr\u0161ku Ministarstva trgovine i turizma Republike Srpske, u\u010destvovao je 221 autor sa 656 fotografija.<\/p>\n\n\n\n<p>Tokom konkursa dodijeljena je i nagrada publike, a pratioci Turisti\u010dke organizacije na dru\u0161tvenim mre\u017eama glasali za fotografiju koja im se dopada. Nagradu publike osvojila je fotografija &#8222;Pa\u0161njaci na Zelengori&#8220;, autora Gorana Milanovi\u0107a.<\/p>\n\n\n\n<p>izvor: <a href=\"https:\/\/www.facebook.com\/G.I.Sarajevo\" title=\"\">Grad IS<\/a><\/p>\n\n\n\n<figure class=\"wp-block-gallery has-nested-images columns-default is-cropped wp-block-gallery-1 is-layout-flex wp-block-gallery-is-layout-flex\">\n<figure class=\"wp-block-image size-large\"><img fetchpriority=\"high\" decoding=\"async\" width=\"1024\" height=\"683\" data-id=\"5283\" src=\"https:\/\/javnost.rs\/wp-content\/uploads\/2024\/03\/433113307_815886590579938_1890280266125660939_n-1024x683.jpg\" alt=\"\" class=\"wp-image-5283\" srcset=\"https:\/\/javnost.rs\/wp-content\/uploads\/2024\/03\/433113307_815886590579938_1890280266125660939_n-1024x683.jpg 1024w, https:\/\/javnost.rs\/wp-content\/uploads\/2024\/03\/433113307_815886590579938_1890280266125660939_n-300x200.jpg 300w, https:\/\/javnost.rs\/wp-content\/uploads\/2024\/03\/433113307_815886590579938_1890280266125660939_n-768x512.jpg 768w, https:\/\/javnost.rs\/wp-content\/uploads\/2024\/03\/433113307_815886590579938_1890280266125660939_n-1536x1024.jpg 1536w, https:\/\/javnost.rs\/wp-content\/uploads\/2024\/03\/433113307_815886590579938_1890280266125660939_n.jpg 1920w\" sizes=\"(max-width: 1024px) 100vw, 1024px\" \/><\/figure>\n\n\n\n<figure class=\"wp-block-image size-large\"><img decoding=\"async\" width=\"1024\" height=\"683\" data-id=\"5279\" src=\"https:\/\/javnost.rs\/wp-content\/uploads\/2024\/03\/433120388_815886217246642_5836553482180651089_n-1024x683.jpg\" alt=\"\" class=\"wp-image-5279\" srcset=\"https:\/\/javnost.rs\/wp-content\/uploads\/2024\/03\/433120388_815886217246642_5836553482180651089_n-1024x683.jpg 1024w, https:\/\/javnost.rs\/wp-content\/uploads\/2024\/03\/433120388_815886217246642_5836553482180651089_n-300x200.jpg 300w, https:\/\/javnost.rs\/wp-content\/uploads\/2024\/03\/433120388_815886217246642_5836553482180651089_n-768x512.jpg 768w, https:\/\/javnost.rs\/wp-content\/uploads\/2024\/03\/433120388_815886217246642_5836553482180651089_n-1536x1024.jpg 1536w, https:\/\/javnost.rs\/wp-content\/uploads\/2024\/03\/433120388_815886217246642_5836553482180651089_n.jpg 1920w\" sizes=\"(max-width: 1024px) 100vw, 1024px\" \/><\/figure>\n\n\n\n<figure class=\"wp-block-image size-large\"><img decoding=\"async\" width=\"1024\" height=\"683\" data-id=\"5281\" src=\"https:\/\/javnost.rs\/wp-content\/uploads\/2024\/03\/433123352_815886320579965_2617621477858875423_n-1-1024x683.jpg\" alt=\"\" class=\"wp-image-5281\" srcset=\"https:\/\/javnost.rs\/wp-content\/uploads\/2024\/03\/433123352_815886320579965_2617621477858875423_n-1-1024x683.jpg 1024w, https:\/\/javnost.rs\/wp-content\/uploads\/2024\/03\/433123352_815886320579965_2617621477858875423_n-1-300x200.jpg 300w, https:\/\/javnost.rs\/wp-content\/uploads\/2024\/03\/433123352_815886320579965_2617621477858875423_n-1-768x512.jpg 768w, https:\/\/javnost.rs\/wp-content\/uploads\/2024\/03\/433123352_815886320579965_2617621477858875423_n-1-1536x1024.jpg 1536w, https:\/\/javnost.rs\/wp-content\/uploads\/2024\/03\/433123352_815886320579965_2617621477858875423_n-1.jpg 1920w\" sizes=\"(max-width: 1024px) 100vw, 1024px\" \/><\/figure>\n\n\n\n<figure class=\"wp-block-image size-large\"><img loading=\"lazy\" decoding=\"async\" width=\"1024\" height=\"683\" data-id=\"5280\" src=\"https:\/\/javnost.rs\/wp-content\/uploads\/2024\/03\/433198588_815886777246586_6378457215522833296_n-1024x683.jpg\" alt=\"\" class=\"wp-image-5280\" srcset=\"https:\/\/javnost.rs\/wp-content\/uploads\/2024\/03\/433198588_815886777246586_6378457215522833296_n-1024x683.jpg 1024w, https:\/\/javnost.rs\/wp-content\/uploads\/2024\/03\/433198588_815886777246586_6378457215522833296_n-300x200.jpg 300w, https:\/\/javnost.rs\/wp-content\/uploads\/2024\/03\/433198588_815886777246586_6378457215522833296_n-768x512.jpg 768w, https:\/\/javnost.rs\/wp-content\/uploads\/2024\/03\/433198588_815886777246586_6378457215522833296_n-1536x1024.jpg 1536w, https:\/\/javnost.rs\/wp-content\/uploads\/2024\/03\/433198588_815886777246586_6378457215522833296_n.jpg 1920w\" sizes=\"(max-width: 1024px) 100vw, 1024px\" \/><\/figure>\n\n\n\n<figure class=\"wp-block-image size-large\"><img loading=\"lazy\" decoding=\"async\" width=\"1024\" height=\"683\" data-id=\"5284\" src=\"https:\/\/javnost.rs\/wp-content\/uploads\/2024\/03\/433233759_815886433913287_4154628549505921709_n-1024x683.jpg\" alt=\"\" class=\"wp-image-5284\" srcset=\"https:\/\/javnost.rs\/wp-content\/uploads\/2024\/03\/433233759_815886433913287_4154628549505921709_n-1024x683.jpg 1024w, https:\/\/javnost.rs\/wp-content\/uploads\/2024\/03\/433233759_815886433913287_4154628549505921709_n-300x200.jpg 300w, https:\/\/javnost.rs\/wp-content\/uploads\/2024\/03\/433233759_815886433913287_4154628549505921709_n-768x512.jpg 768w, https:\/\/javnost.rs\/wp-content\/uploads\/2024\/03\/433233759_815886433913287_4154628549505921709_n-1536x1024.jpg 1536w, https:\/\/javnost.rs\/wp-content\/uploads\/2024\/03\/433233759_815886433913287_4154628549505921709_n.jpg 1920w\" sizes=\"(max-width: 1024px) 100vw, 1024px\" \/><\/figure>\n\n\n\n<figure class=\"wp-block-image size-large\"><img loading=\"lazy\" decoding=\"async\" width=\"683\" height=\"1024\" data-id=\"5286\" src=\"https:\/\/javnost.rs\/wp-content\/uploads\/2024\/03\/434326091_815886377246626_1976389767247588627_n-683x1024.jpg\" alt=\"\" class=\"wp-image-5286\" srcset=\"https:\/\/javnost.rs\/wp-content\/uploads\/2024\/03\/434326091_815886377246626_1976389767247588627_n-683x1024.jpg 683w, https:\/\/javnost.rs\/wp-content\/uploads\/2024\/03\/434326091_815886377246626_1976389767247588627_n-200x300.jpg 200w, https:\/\/javnost.rs\/wp-content\/uploads\/2024\/03\/434326091_815886377246626_1976389767247588627_n-768x1152.jpg 768w, https:\/\/javnost.rs\/wp-content\/uploads\/2024\/03\/434326091_815886377246626_1976389767247588627_n-1024x1536.jpg 1024w, https:\/\/javnost.rs\/wp-content\/uploads\/2024\/03\/434326091_815886377246626_1976389767247588627_n.jpg 1280w\" sizes=\"(max-width: 683px) 100vw, 683px\" \/><\/figure>\n\n\n\n<figure class=\"wp-block-image size-large\"><img loading=\"lazy\" decoding=\"async\" width=\"683\" height=\"1024\" data-id=\"5282\" src=\"https:\/\/javnost.rs\/wp-content\/uploads\/2024\/03\/434580538_815886180579979_1961855278607474978_n-683x1024.jpg\" alt=\"\" class=\"wp-image-5282\" srcset=\"https:\/\/javnost.rs\/wp-content\/uploads\/2024\/03\/434580538_815886180579979_1961855278607474978_n-683x1024.jpg 683w, https:\/\/javnost.rs\/wp-content\/uploads\/2024\/03\/434580538_815886180579979_1961855278607474978_n-200x300.jpg 200w, https:\/\/javnost.rs\/wp-content\/uploads\/2024\/03\/434580538_815886180579979_1961855278607474978_n-768x1152.jpg 768w, https:\/\/javnost.rs\/wp-content\/uploads\/2024\/03\/434580538_815886180579979_1961855278607474978_n-1024x1536.jpg 1024w, https:\/\/javnost.rs\/wp-content\/uploads\/2024\/03\/434580538_815886180579979_1961855278607474978_n.jpg 1280w\" sizes=\"(max-width: 683px) 100vw, 683px\" \/><\/figure>\n\n\n\n<figure class=\"wp-block-image size-large\"><img loading=\"lazy\" decoding=\"async\" width=\"1024\" height=\"683\" data-id=\"5285\" src=\"https:\/\/javnost.rs\/wp-content\/uploads\/2024\/03\/434587027_815886363913294_6883258599602229894_n-1024x683.jpg\" alt=\"\" class=\"wp-image-5285\" srcset=\"https:\/\/javnost.rs\/wp-content\/uploads\/2024\/03\/434587027_815886363913294_6883258599602229894_n-1024x683.jpg 1024w, https:\/\/javnost.rs\/wp-content\/uploads\/2024\/03\/434587027_815886363913294_6883258599602229894_n-300x200.jpg 300w, https:\/\/javnost.rs\/wp-content\/uploads\/2024\/03\/434587027_815886363913294_6883258599602229894_n-768x512.jpg 768w, https:\/\/javnost.rs\/wp-content\/uploads\/2024\/03\/434587027_815886363913294_6883258599602229894_n-1536x1024.jpg 1536w, https:\/\/javnost.rs\/wp-content\/uploads\/2024\/03\/434587027_815886363913294_6883258599602229894_n.jpg 1920w\" sizes=\"(max-width: 1024px) 100vw, 1024px\" \/><\/figure>\n<\/figure>\n","protected":false},"excerpt":{"rendered":"<p>U holu Gradske uprave Isto\u010dno Sarajevo danas je izlo\u017eeno 40 fotografija koje su, prema ocjeni stru\u010dnog \u017eirija, u\u0161le u u\u017ei izbor na foto-konkursu &#8222;Fotografijom kroz Srpsku&#8220;, koji je realizovala Turisti\u010dka organizacija Republike Srpske. Prvo mjesto na ovom konkursu pripalo je fotografiji snimljenoj na Manja\u010di, autora Vladimira \u0110akovi\u0107a, koji je dobio priznanje i turisti\u010dki aran\u017eman na [&hellip;]<\/p>\n","protected":false},"author":1,"featured_media":5278,"comment_status":"closed","ping_status":"closed","sticky":false,"template":"","format":"standard","meta":{"footnotes":""},"categories":[80],"tags":[],"class_list":["post-5277","post","type-post","status-publish","format-standard","has-post-thumbnail","hentry","category-fotografija"],"aioseo_notices":[],"_links":{"self":[{"href":"https:\/\/javnost.rs\/index.php?rest_route=\/wp\/v2\/posts\/5277","targetHints":{"allow":["GET"]}}],"collection":[{"href":"https:\/\/javnost.rs\/index.php?rest_route=\/wp\/v2\/posts"}],"about":[{"href":"https:\/\/javnost.rs\/index.php?rest_route=\/wp\/v2\/types\/post"}],"author":[{"embeddable":true,"href":"https:\/\/javnost.rs\/index.php?rest_route=\/wp\/v2\/users\/1"}],"replies":[{"embeddable":true,"href":"https:\/\/javnost.rs\/index.php?rest_route=%2Fwp%2Fv2%2Fcomments&post=5277"}],"version-history":[{"count":1,"href":"https:\/\/javnost.rs\/index.php?rest_route=\/wp\/v2\/posts\/5277\/revisions"}],"predecessor-version":[{"id":5287,"href":"https:\/\/javnost.rs\/index.php?rest_route=\/wp\/v2\/posts\/5277\/revisions\/5287"}],"wp:featuredmedia":[{"embeddable":true,"href":"https:\/\/javnost.rs\/index.php?rest_route=\/wp\/v2\/media\/5278"}],"wp:attachment":[{"href":"https:\/\/javnost.rs\/index.php?rest_route=%2Fwp%2Fv2%2Fmedia&parent=5277"}],"wp:term":[{"taxonomy":"category","embeddable":true,"href":"https:\/\/javnost.rs\/index.php?rest_route=%2Fwp%2Fv2%2Fcategories&post=5277"},{"taxonomy":"post_tag","embeddable":true,"href":"https:\/\/javnost.rs\/index.php?rest_route=%2Fwp%2Fv2%2Ftags&post=5277"}],"curies":[{"name":"wp","href":"https:\/\/api.w.org\/{rel}","templated":true}]}}