{"id":5218,"date":"2024-03-28T16:42:29","date_gmt":"2024-03-28T15:42:29","guid":{"rendered":"https:\/\/javnost.rs\/?p=5218"},"modified":"2024-03-28T16:42:33","modified_gmt":"2024-03-28T15:42:33","slug":"svitanje-roman-o-prebilovcima-predstavljen-osnovcima","status":"publish","type":"post","link":"https:\/\/javnost.rs\/?p=5218","title":{"rendered":"&#8222;Svitanje&#8220; &#8211; roman o Prebilovcima predstavljen osnovcima"},"content":{"rendered":"\n<p>U Osnovnoj \u0161koli &#8222;Sokolac&#8220; danas je promovisan roman &#8222;Svitanje&#8220; kroz razgovor u\u010denika devetog razreda sa autorom Ivanom Spahi\u0107, koja je za ovu knjigu nagra\u0111ena &#8222;Zlatnom sovom&#8220; za 2023. godinu, Zavoda za ud\u017eebenike i nastavna sredstva Isto\u010dno Novo Sarajevo.<\/p>\n\n\n\n<p>Spahi\u0107eva je rekla novinarima da je napisala roman o Prebilovcima koji je specifi\u010dan zbog pri\u010de vezane za Drugi svjetski rat i doga\u0111aj u tom mjestu, te da kroz dru\u017eenje sa u\u010denicima, kroz jedan istorijski \u010das, \u017eeli da vidi koliko oni znaju o de\u0161avanjima u Prebilovcima i koliko ih interesuje ta tema.<\/p>\n\n\n\n<p>Spahi\u0107eva je navela da je &#8222;Svitanje&#8220; njena prva objavljena knjiga, ali da ima jo\u0161 rukopisa sa tematikom iz nacionalne istorije.<\/p>\n\n\n\n<p>&#8222;To je ono \u0161to propagiram i \u017eelja mi je da u\u010denicima ka\u017eem da nije poenta u tome da raspirujemo zlo, ali da je veoma bitno da se se\u0107amo stvari koje su se desile, kako se ne bi ponovile. Deca treba za znaju da kroz pri\u010de nau\u010de \u0161ta je dobro, a \u0161ta je lo\u0161e&#8220;, izjavila je Spahi\u0107eva.<\/p>\n\n\n\n<p>Prema njenim rije\u010dima &#8222;zlo uvek \u010du\u010di u \u010dovjeku&#8220; i to je tema o kojoj se uvijek mo\u017ee pri\u010dati, ali je bitno da ne preraste neke razmjere i da ne bude ta klica zla u djeci u ovakvim pri\u010dama i da ne ode u pogre\u0161nom pravcu.<\/p>\n\n\n\n<p>Ona je dodala da je knjiga pisana jednostavnim rije\u010dnikom i prilago\u0111ena dje\u010dijem uzrastu, te da postoji inicijativa da ovaj roman postane lektira.<\/p>\n\n\n\n<p>Nata\u0161a Mihajlov iz Javne ustanove Zavod za ud\u017ebenike i nastavna sredstva Isto\u010dno Novo Sarajevo naglasila je da je &#8222;Svitanje&#8220; jedan od romana za koji je \u017eiri &#8222;Zlatne sove&#8220; ocijenio da bi mogao da prati nastavni plan, te da je zbog toga ova promocija zakazana sa u\u010denicima devetog razreda osnovne \u0161kole.<\/p>\n\n\n\n<p>Cilj svih aktivnosti, kako je navela, je da se o\u010duva kolektivno sje\u0107anje i pam\u0107enje, jer je cijela radnja romana smje\u0161tena u Prebilovce, da se to zlo ne zaboravi.<\/p>\n\n\n\n<p>Direktor Osnovne \u0161kole &#8222;Sokolac&#8220; \u0110or\u0111e Raji\u0107 ukazao je da je funkcija kulture sje\u0107anja upoznavanje sa onim \u0161to ne smije da se zaboravi i \u0161to je dio srpske istorije.<\/p>\n\n\n\n<p>Ivana Spahi\u0107 je ro\u0111ena u Beogradu, gdje je zavr\u0161ila pedagogiju na Filozofskom fakulteta.<\/p>\n\n\n\n<p>Roman &#8222;Svitanje&#8220; je njen prvi roman.<\/p>\n\n\n\n<p>Spahi\u0107eva je za ovaj roman nagra\u0111ena &#8222;Zlatnom sovom&#8220; na konkursu Zavoda za ud\u017ebenike i nastavna sredstva Isto\u010dno Novo Sarajevo, a \u017eiri je u saop\u0161tenju naveo da &#8222;mirni, svakodnevni \u017eivot tihog radnog svijeta u selu Prebilovci biva presje\u010den stra\u0161nim zlo\u010dinom, pitaju\u0107i se `\u0160ta je sve krvavom usta\u0161kom kamom zaustavljeno?`&#8220; &#8222;Pripovijedanje je tim intezivnije \u0161to sti\u017ee iz usta mrtve djevojke kroz uplitanje tri vremena u nerazmirsivu pletenicu-vrijeme \u017divota, vrijeme Smrti i vrijeme Vaskrsenja&#8220;, navedeno je u saop\u0161tenju \u017eirija.<\/p>\n\n\n\n<p>Izvor: Srna<\/p>\n","protected":false},"excerpt":{"rendered":"<p>U Osnovnoj \u0161koli &#8222;Sokolac&#8220; danas je promovisan roman &#8222;Svitanje&#8220; kroz razgovor u\u010denika devetog razreda sa autorom Ivanom Spahi\u0107, koja je za ovu knjigu nagra\u0111ena &#8222;Zlatnom sovom&#8220; za 2023. godinu, Zavoda za ud\u017eebenike i nastavna sredstva Isto\u010dno Novo Sarajevo. Spahi\u0107eva je rekla novinarima da je napisala roman o Prebilovcima koji je specifi\u010dan zbog pri\u010de vezane za [&hellip;]<\/p>\n","protected":false},"author":1,"featured_media":5219,"comment_status":"closed","ping_status":"closed","sticky":false,"template":"","format":"standard","meta":{"footnotes":""},"categories":[104],"tags":[],"class_list":["post-5218","post","type-post","status-publish","format-standard","has-post-thumbnail","hentry","category-knjizevnost-novosti"],"aioseo_notices":[],"_links":{"self":[{"href":"https:\/\/javnost.rs\/index.php?rest_route=\/wp\/v2\/posts\/5218","targetHints":{"allow":["GET"]}}],"collection":[{"href":"https:\/\/javnost.rs\/index.php?rest_route=\/wp\/v2\/posts"}],"about":[{"href":"https:\/\/javnost.rs\/index.php?rest_route=\/wp\/v2\/types\/post"}],"author":[{"embeddable":true,"href":"https:\/\/javnost.rs\/index.php?rest_route=\/wp\/v2\/users\/1"}],"replies":[{"embeddable":true,"href":"https:\/\/javnost.rs\/index.php?rest_route=%2Fwp%2Fv2%2Fcomments&post=5218"}],"version-history":[{"count":1,"href":"https:\/\/javnost.rs\/index.php?rest_route=\/wp\/v2\/posts\/5218\/revisions"}],"predecessor-version":[{"id":5220,"href":"https:\/\/javnost.rs\/index.php?rest_route=\/wp\/v2\/posts\/5218\/revisions\/5220"}],"wp:featuredmedia":[{"embeddable":true,"href":"https:\/\/javnost.rs\/index.php?rest_route=\/wp\/v2\/media\/5219"}],"wp:attachment":[{"href":"https:\/\/javnost.rs\/index.php?rest_route=%2Fwp%2Fv2%2Fmedia&parent=5218"}],"wp:term":[{"taxonomy":"category","embeddable":true,"href":"https:\/\/javnost.rs\/index.php?rest_route=%2Fwp%2Fv2%2Fcategories&post=5218"},{"taxonomy":"post_tag","embeddable":true,"href":"https:\/\/javnost.rs\/index.php?rest_route=%2Fwp%2Fv2%2Ftags&post=5218"}],"curies":[{"name":"wp","href":"https:\/\/api.w.org\/{rel}","templated":true}]}}