{"id":5215,"date":"2024-03-28T14:31:00","date_gmt":"2024-03-28T13:31:00","guid":{"rendered":"https:\/\/javnost.rs\/?p=5215"},"modified":"2024-03-28T16:36:39","modified_gmt":"2024-03-28T15:36:39","slug":"bbc-iskoristio-vjestacku-inteligenciju-kao-glas-sare-pojzer","status":"publish","type":"post","link":"https:\/\/javnost.rs\/?p=5215","title":{"rendered":"BBC iskoristio vje\u0161ta\u010dku inteligenciju kao glas Sare Pojzer"},"content":{"rendered":"\n<p>Britanski Bi-Bi-Si saop\u0161tio je danas da je upotrijebio vje\u0161ta\u010dku inteligenciju za &#8222;veoma osjetljiv dokumentarni film&#8220; u kojem je glas osobe koja se bli\u017ei kraju \u017eivota.<\/p>\n\n\n\n<p>U saop\u0161tenju se navodi da ovaj potez odslikava \u017eelju porodice te osobe i da \u0107e biti &#8222;opona\u0161an glas koji se vi\u0161e ne mo\u017ee \u010duti&#8220;.<\/p>\n\n\n\n<p>Neposredno prije objave Bi-Bi-Sija, glumica Sara Pojzer je na dru\u0161tvenim mre\u017eama objavila da njene usluge vi\u0161e nisu potrebne u tom dokumentarnom filmu jer su producenti odlu\u010dili da koriste vje\u0161ta\u010dku inteligenciju.<\/p>\n\n\n\n<p>Pojzerova je na dru\u0161tvenim mre\u017eama objavila prikaz poruke koju je dobila od produkcione kompanije koja je zadu\u017eena za dokumentarni film i u kojoj se navodi da im je &#8222;\u017eao zbog ka\u0161njenja i da su dobili odobrenje od britanske medijske ku\u0107e da koriste glas proizvden vje\u0161ta\u010dkom inteligencijom i da im zato ona vi\u0161e nije potrebna&#8220;. Ona je poruku opisala kao &#8222;otre\u017enjavaju\u0107u&#8220; i njena objava je odmah postala viralna i izazvala je obimnu diskusiju o tome na koje sve na\u010dine vje\u0161ta\u010dka inteligencija uzima posao glumcima.<\/p>\n\n\n\n<p>Izvor: Srna\/BBC<\/p>\n","protected":false},"excerpt":{"rendered":"<p>Britanski Bi-Bi-Si saop\u0161tio je danas da je upotrijebio vje\u0161ta\u010dku inteligenciju za &#8222;veoma osjetljiv dokumentarni film&#8220; u kojem je glas osobe koja se bli\u017ei kraju \u017eivota. U saop\u0161tenju se navodi da ovaj potez odslikava \u017eelju porodice te osobe i da \u0107e biti &#8222;opona\u0161an glas koji se vi\u0161e ne mo\u017ee \u010duti&#8220;. Neposredno prije objave Bi-Bi-Sija, glumica Sara [&hellip;]<\/p>\n","protected":false},"author":1,"featured_media":5216,"comment_status":"closed","ping_status":"closed","sticky":false,"template":"","format":"standard","meta":{"footnotes":""},"categories":[72],"tags":[],"class_list":["post-5215","post","type-post","status-publish","format-standard","has-post-thumbnail","hentry","category-72"],"aioseo_notices":[],"_links":{"self":[{"href":"https:\/\/javnost.rs\/index.php?rest_route=\/wp\/v2\/posts\/5215","targetHints":{"allow":["GET"]}}],"collection":[{"href":"https:\/\/javnost.rs\/index.php?rest_route=\/wp\/v2\/posts"}],"about":[{"href":"https:\/\/javnost.rs\/index.php?rest_route=\/wp\/v2\/types\/post"}],"author":[{"embeddable":true,"href":"https:\/\/javnost.rs\/index.php?rest_route=\/wp\/v2\/users\/1"}],"replies":[{"embeddable":true,"href":"https:\/\/javnost.rs\/index.php?rest_route=%2Fwp%2Fv2%2Fcomments&post=5215"}],"version-history":[{"count":1,"href":"https:\/\/javnost.rs\/index.php?rest_route=\/wp\/v2\/posts\/5215\/revisions"}],"predecessor-version":[{"id":5217,"href":"https:\/\/javnost.rs\/index.php?rest_route=\/wp\/v2\/posts\/5215\/revisions\/5217"}],"wp:featuredmedia":[{"embeddable":true,"href":"https:\/\/javnost.rs\/index.php?rest_route=\/wp\/v2\/media\/5216"}],"wp:attachment":[{"href":"https:\/\/javnost.rs\/index.php?rest_route=%2Fwp%2Fv2%2Fmedia&parent=5215"}],"wp:term":[{"taxonomy":"category","embeddable":true,"href":"https:\/\/javnost.rs\/index.php?rest_route=%2Fwp%2Fv2%2Fcategories&post=5215"},{"taxonomy":"post_tag","embeddable":true,"href":"https:\/\/javnost.rs\/index.php?rest_route=%2Fwp%2Fv2%2Ftags&post=5215"}],"curies":[{"name":"wp","href":"https:\/\/api.w.org\/{rel}","templated":true}]}}