{"id":5198,"date":"2024-03-28T15:22:06","date_gmt":"2024-03-28T14:22:06","guid":{"rendered":"https:\/\/javnost.rs\/?p=5198"},"modified":"2024-03-28T15:22:29","modified_gmt":"2024-03-28T14:22:29","slug":"zafranovic-film-djeca-kozare-je-beskompromisan","status":"publish","type":"post","link":"https:\/\/javnost.rs\/?p=5198","title":{"rendered":"Zafranovi\u0107: Film &#8222;Djeca Kozare&#8220; je beskompromisan"},"content":{"rendered":"\n<p>\u0408asenovac je nesumnjivo velika istorijska \u010dinjenica, velika trauma ovog regiona, ali je i inspirativan za preispitivanje fenomena zla i zato je moj novi film &#8222;Djeca Kozare&#8220; beskompromisan, rekao ja Lordan Zafranovi\u0107, jedan od najcjenjenijih reditelja sa prostora biv\u0161e \u0408ugoslavije.Riznici njegovih priznanja pridru\u017eila se nedavno i Nagrada za \u017eivotno djelo 71. Martovskog festivala.<\/p>\n\n\n\n<p>Zafranovi\u0107 je neraskidivo vezan za istoriju Martovskog festivala gdje je prikazao svoj prvi film 1966. godine, i 2019. predstavio stoti\u2026 Pro\u0161le godine je na Festu dobio nagradu &#8222;Beogradski pobednik&#8220; za izuzetan doprinos filmskoj umjetnosti.<\/p>\n\n\n\n<p>Njegov filmski opus i rukopis, isti\u010du znalci, odlikuju visok umjetni\u010dki domet, anga\u017eovanost, slo\u017eenost, prijem\u010divost\u2026<\/p>\n\n\n\n<p>Izme\u0111u svih ovih godina, kako je re\u010deno, stala je jedna blistava rediteljska karijera u kojoj su se nizala remek-djela u dugometra\u017enom igranom, ali i u kratkom metru i dokumentarcima, me\u0111u kojima su &#8222;Ave Marija&#8220; (1971), &#8222;Antika&#8220; (1972), &#8222;Rad zida grad&#8220; (1975), &#8222;Zavi\u010daj &#8211; Vladimir Nazor&#8220; (1978), &#8222;Krv i pepeo \u0408asenovca&#8220; (1983), &#8222;Lica terakota&#8220; (2003), &#8222;Simfonija nebeskog grada&#8220; (2004) i drugi, a koji su ne samo istorija, nego i antologija na\u0161eg dokumentarizma i kratkog metra.<\/p>\n\n\n\n<p>Zafranovi\u0107 isti\u010de da je svaka nagrada neka vrsta potvrde da je \u010dovjek ne\u0161to napravio.<\/p>\n\n\n\n<ul class=\"wp-block-list\">\n<li>Medij filma, bivaju\u0107i toliko dugo u njemu, iskoristili smo i da prezentujemo sve ono \u0161to nas je ti\u0161tilo, \u0161to smo htjeli da ka\u017eemo u raznim periodima, raznim ideologijama, raznim raspadima, ratovima, u\u017easima, u na\u0161im strahovima da se to ne ponovi. Meni je na neki na\u010din i sme\u0161no to &#8222;za \u017eivotno djelo&#8220;, jer jo\u0161 uvijek radim. Mo\u017eda \u0107e zvu\u010dati bizarno, ali ja se osje\u0107am kao da sam na po\u010detku. Sa svakim filmom, pa i sad. Ve\u0107 razmi\u0161ljam o novom filmu jer je ovaj pri kraju. Snimili smo i sad je u monta\u017ei &#8211; rekao je Zafranovi\u0107 za NIN.<\/li>\n<\/ul>\n\n\n\n<p>Zafranovi\u0107 isti\u010de da mu je nagrada na Martovskom festivalu posebno va\u017ena jer, kako ka\u017ee, bez ovih dokumentarnih filmova ne bi bilo ni ovih igranih.<\/p>\n\n\n\n<ul class=\"wp-block-list\">\n<li>Sa malo vi\u0161e analize bi se moglo jasno pokazati da sam gotovo redovno prvo radio dokumentarni film. Zato \u0161to sam htio istra\u017euju\u0107i da pro\u0111em odre\u0111enu temu, da napravim prvo dokumentarac pa tek onda da iz toga, sa nekim iskustvom istine do koje bih do\u0161ao, idem u igrani film. I ovom filmu koji radim prethodio je dokumentarac &#8222;Krv i pepeo \u0408asenovca&#8220;. Samo vi\u0161e nisu dokumenti nego igrane partiture, likovi, drame, sudbine tragedije\u2026 ali je gotovo identi\u010dno &#8211; ka\u017ee Zafranovi\u0107.<\/li>\n<\/ul>\n\n\n\n<p>Snimanje novog Zafranovi\u0107evog filma &#8222;Djeca Kozare&#8220; zavr\u0161eno je je prije nekoliko mjeseci i to ostvarenje se sada nalazi u monta\u017ei. Za njega nema dileme da \u0408asenovac nesumnjivo velika istorijska \u010dinjenica, ali je i inspirativan za preispitivanje fenomena zla.<\/p>\n\n\n\n<ul class=\"wp-block-list\">\n<li>Na koji na\u010din jedan obi\u010dan \u010dovjek, kad krenu ideologije i istorijske halabuke, biva zaveden zlom? \u0160ta i kako se to u \u010dovjeku razvija i pojedina\u010dno i masovno, \u0161to potom, kako je istorija pokazala, rezultira masovnim tragedijama. Fenomen egzekucije. Kako ubijamo? Kako obi\u010dan \u010dovjek sa svojim vrlinama i manama postane okorjeli mrzitelj, ubica, mu\u010ditelj. Na djelu su bolni procesi i \u010dinjenice. I uvijek otvoreno pitanje &#8211; napominje Zafranovi\u0107.<\/li>\n<\/ul>\n\n\n\n<p>On isti\u010de da su se u filmu &#8222;Djeca Kozare&#8220; bavili jednom od najve\u0107ih trauma ovog podneblja.<\/p>\n\n\n\n<ul class=\"wp-block-list\">\n<li>U pismu koje je ostavio jedan od na\u0161ih junaka, pi\u0161e: &#8222;\u0408asenovac kao da nikad nije postojao, ima samo neka ledina?. To je \u010dinjenica. Tamo ne postoji ni\u0161ta osim trave i velike ledine. Ali ako su va\u017ene stvari, pogotovo ako su i stra\u0161ne, na marginama sje\u0107anja i pameti, ne zna\u010di da one ne djeluju. Naprotiv! Mi smo se u filmu bavili jednom od najve\u0107ih trauma ovog podneblja, tj. regiona. A ta trauma je i vrsta upozorenja. Da se ne ponovi. A bojim se da je vrlo blizu, napetosti su velike. \u0160irenje propagande, tj. mr\u017enje je ogromno. Po nekom mom osje\u0107aju, na\u0161i strahovi su se obistinili. Treba samo malo da to pukne i da krene &#8211; rekao je Zafranovi\u0107 i dodao da jedva \u010deka da vidi na koji na\u010din \u0107e biti prihva\u0107en njegov film &#8222;Djeca Kozare&#8220;.<\/li>\n\n\n\n<li>Moj film. Udarac u pleksus? O\u010dekujem reakcije. A znam da zavise i od toga kakva \u0107e konstelacija u odnosima Srbije i Hrvatske biti kad iza\u0111e. \u0408er dr\u017eavni vrhovi se nekad ovako, nekad onako dogovaraju. Svojevremeno je Kolinda rekla, parafraziram &#8222;ja ne\u0107u spominjati agresiju srbo-vojnu, a vi ne\u0107ete spominjati \u0408asenovac&#8220;, i to je okej. Bili su se dogovorili, pa je bila jedna pauza, dosta duga. Sad se ponovo poremetilo. Mada je meni svejedno. Ne uzbu\u0111ujem se, samo me zanima &#8211; rekao je Zafranovi\u0107.<\/li>\n<\/ul>\n\n\n\n<p>Njegov novi film kako najavljuje bi\u0107e &#8222;tragikomedija iz Splita \u010dija se radnja odvija pred dolazak fa\u0161izma, pred Drugi svjetski rat&#8220;.<\/p>\n\n\n\n<ul class=\"wp-block-list\">\n<li>\u017delim da neki svoj temperament izvu\u010dem vani i da svijetu onako felinijevski, samo sa druge strane \u0408adrana, poka\u017eem da smo i mi bili dio te tradicije i te kulture. Mo\u017ee se re\u0107i da je taj film po atmosferi autobiografski. Imao bi ne\u0161to \u0161to \u0107e ljudi prepoznavati, \u0161to je dio ove kulture, duh ovog podneblja &#8211; rekao je Zafranovi\u0107.<\/li>\n<\/ul>\n\n\n\n<p>Izvor i foto: TANJUG<\/p>\n","protected":false},"excerpt":{"rendered":"<p>\u0408asenovac je nesumnjivo velika istorijska \u010dinjenica, velika trauma ovog regiona, ali je i inspirativan za preispitivanje fenomena zla i zato je moj novi film &#8222;Djeca Kozare&#8220; beskompromisan, rekao ja Lordan Zafranovi\u0107, jedan od najcjenjenijih reditelja sa prostora biv\u0161e \u0408ugoslavije.Riznici njegovih priznanja pridru\u017eila se nedavno i Nagrada za \u017eivotno djelo 71. Martovskog festivala. Zafranovi\u0107 je neraskidivo [&hellip;]<\/p>\n","protected":false},"author":1,"featured_media":5199,"comment_status":"closed","ping_status":"closed","sticky":false,"template":"","format":"standard","meta":{"footnotes":""},"categories":[78],"tags":[],"class_list":["post-5198","post","type-post","status-publish","format-standard","has-post-thumbnail","hentry","category-film"],"aioseo_notices":[],"_links":{"self":[{"href":"https:\/\/javnost.rs\/index.php?rest_route=\/wp\/v2\/posts\/5198","targetHints":{"allow":["GET"]}}],"collection":[{"href":"https:\/\/javnost.rs\/index.php?rest_route=\/wp\/v2\/posts"}],"about":[{"href":"https:\/\/javnost.rs\/index.php?rest_route=\/wp\/v2\/types\/post"}],"author":[{"embeddable":true,"href":"https:\/\/javnost.rs\/index.php?rest_route=\/wp\/v2\/users\/1"}],"replies":[{"embeddable":true,"href":"https:\/\/javnost.rs\/index.php?rest_route=%2Fwp%2Fv2%2Fcomments&post=5198"}],"version-history":[{"count":1,"href":"https:\/\/javnost.rs\/index.php?rest_route=\/wp\/v2\/posts\/5198\/revisions"}],"predecessor-version":[{"id":5200,"href":"https:\/\/javnost.rs\/index.php?rest_route=\/wp\/v2\/posts\/5198\/revisions\/5200"}],"wp:featuredmedia":[{"embeddable":true,"href":"https:\/\/javnost.rs\/index.php?rest_route=\/wp\/v2\/media\/5199"}],"wp:attachment":[{"href":"https:\/\/javnost.rs\/index.php?rest_route=%2Fwp%2Fv2%2Fmedia&parent=5198"}],"wp:term":[{"taxonomy":"category","embeddable":true,"href":"https:\/\/javnost.rs\/index.php?rest_route=%2Fwp%2Fv2%2Fcategories&post=5198"},{"taxonomy":"post_tag","embeddable":true,"href":"https:\/\/javnost.rs\/index.php?rest_route=%2Fwp%2Fv2%2Ftags&post=5198"}],"curies":[{"name":"wp","href":"https:\/\/api.w.org\/{rel}","templated":true}]}}