{"id":5167,"date":"2024-03-27T10:59:00","date_gmt":"2024-03-27T09:59:00","guid":{"rendered":"https:\/\/javnost.rs\/?p=5167"},"modified":"2024-03-27T21:01:27","modified_gmt":"2024-03-27T20:01:27","slug":"predstavnistvo-srpske-u-austriji-podrzace-razvoj-turistickih-kapaciteta-manastira-zitomislic","status":"publish","type":"post","link":"https:\/\/javnost.rs\/?p=5167","title":{"rendered":"Predstavni\u0161tvo Srpske u Austriji podr\u017ea\u0107e razvoj turisti\u010dkih kapaciteta Manastira \u017ditomisli\u0107"},"content":{"rendered":"\n<p>Predstavni\u0161tvo Republike Srpske u Austriji podr\u017ea\u0107e razvoj turisti\u010dkih kapaciteta Manastira \u017ditomisli\u0107, izjavio je \u0161ef ovog predstavni\u0161tva Mladen Filipovi\u0107.<\/p>\n\n\n\n<p>Filipovi\u0107 je ju\u010de u Mostaru sa gradona\u010delnikom Mariom Kordi\u0107em i igumanom Manastira \u017ditomisli\u0107 arhimandritom Danilom Pavlovi\u0107em razgovarao o obnovi, razvoju i turisti\u010dkoj promociji pravoslavnih crkava i manastira u Hercegovini, te podr\u0161ci odr\u017eivom povratku Srba u Federaciju BiH.<\/p>\n\n\n\n<p>Filipovi\u0107 je zahvalio gradona\u010delniku Mostara za podr\u0161ku projektima posve\u0107enim odr\u017eivom povratku Srba u FBiH, kao i obnovi i o\u010duvanju pravoslavnih crkava i manastira u toj regiji.<\/p>\n\n\n\n<p>On je naveo da \u0107e u narednom periodu u Austriji promovisati Manastir \u017ditomisli\u0107, koji je ve\u0107 du\u017ee vrijeme po\u017eeljna destinacija na turisti\u010dkoj ruti inostranih turista, saop\u0161teno je iz Predstavni\u0161tva Srpske u Austriji.<\/p>\n\n\n\n<p>Filipovi\u0107 je naveo da je u planu da se u sklopu Manastira izgradi turisti\u010dko-ugostiteljski prostor koji \u0107e biti dostupan za turiste koji u sve ve\u0107em broju posje\u0107uju \u017ditomisli\u0107.<\/p>\n\n\n\n<p>&#8222;Na jesen \u0107emo u Austriji organizovati program posve\u0107en promociji Hercegovine i tom prilikom \u0107emo predstaviti muzejsku izlo\u017ebu eksponata iz Manastira \u017ditomisli\u0107&#8220;, rekao je Filipovi\u0107 i dodao da \u0107e tokom tog programa biti predstavljeni i potencijali Trebinja.<\/p>\n\n\n\n<p>Filipovi\u0107 se ju\u010de sastao i sa odbornikom u Gradskom vije\u0107u Mostara Veliborom Milivojevi\u0107em, a sino\u0107 su zajedno prisustvovali izboru najboljeg sportiste grada Mostara na kojem su nagra\u0111eni pliva\u010dica Lana Pudar i fudbaler Nemanja Bilbija.<\/p>\n\n\n\n<p>Izvor: Srna<\/p>\n","protected":false},"excerpt":{"rendered":"<p>Predstavni\u0161tvo Republike Srpske u Austriji podr\u017ea\u0107e razvoj turisti\u010dkih kapaciteta Manastira \u017ditomisli\u0107, izjavio je \u0161ef ovog predstavni\u0161tva Mladen Filipovi\u0107. Filipovi\u0107 je ju\u010de u Mostaru sa gradona\u010delnikom Mariom Kordi\u0107em i igumanom Manastira \u017ditomisli\u0107 arhimandritom Danilom Pavlovi\u0107em razgovarao o obnovi, razvoju i turisti\u010dkoj promociji pravoslavnih crkava i manastira u Hercegovini, te podr\u0161ci odr\u017eivom povratku Srba u Federaciju BiH. [&hellip;]<\/p>\n","protected":false},"author":1,"featured_media":5168,"comment_status":"closed","ping_status":"closed","sticky":false,"template":"","format":"standard","meta":{"footnotes":""},"categories":[106],"tags":[],"class_list":["post-5167","post","type-post","status-publish","format-standard","has-post-thumbnail","hentry","category-turizam"],"aioseo_notices":[],"_links":{"self":[{"href":"https:\/\/javnost.rs\/index.php?rest_route=\/wp\/v2\/posts\/5167","targetHints":{"allow":["GET"]}}],"collection":[{"href":"https:\/\/javnost.rs\/index.php?rest_route=\/wp\/v2\/posts"}],"about":[{"href":"https:\/\/javnost.rs\/index.php?rest_route=\/wp\/v2\/types\/post"}],"author":[{"embeddable":true,"href":"https:\/\/javnost.rs\/index.php?rest_route=\/wp\/v2\/users\/1"}],"replies":[{"embeddable":true,"href":"https:\/\/javnost.rs\/index.php?rest_route=%2Fwp%2Fv2%2Fcomments&post=5167"}],"version-history":[{"count":1,"href":"https:\/\/javnost.rs\/index.php?rest_route=\/wp\/v2\/posts\/5167\/revisions"}],"predecessor-version":[{"id":5169,"href":"https:\/\/javnost.rs\/index.php?rest_route=\/wp\/v2\/posts\/5167\/revisions\/5169"}],"wp:featuredmedia":[{"embeddable":true,"href":"https:\/\/javnost.rs\/index.php?rest_route=\/wp\/v2\/media\/5168"}],"wp:attachment":[{"href":"https:\/\/javnost.rs\/index.php?rest_route=%2Fwp%2Fv2%2Fmedia&parent=5167"}],"wp:term":[{"taxonomy":"category","embeddable":true,"href":"https:\/\/javnost.rs\/index.php?rest_route=%2Fwp%2Fv2%2Fcategories&post=5167"},{"taxonomy":"post_tag","embeddable":true,"href":"https:\/\/javnost.rs\/index.php?rest_route=%2Fwp%2Fv2%2Ftags&post=5167"}],"curies":[{"name":"wp","href":"https:\/\/api.w.org\/{rel}","templated":true}]}}