{"id":5144,"date":"2024-03-27T11:54:00","date_gmt":"2024-03-27T10:54:00","guid":{"rendered":"https:\/\/javnost.rs\/?p=5144"},"modified":"2024-03-27T16:03:31","modified_gmt":"2024-03-27T15:03:31","slug":"rakovic-srbi-27-marta-1941-izabrali-put-antifasizma-ali-i-velikog-stradanja","status":"publish","type":"post","link":"https:\/\/javnost.rs\/?p=5144","title":{"rendered":"RAKOVI\u0106: SRBI 27. MARTA 1941. IZABRALI PUT ANTIFA\u0160IZMA, ALI I VELIKOG STRADANJA"},"content":{"rendered":"\n<p>Istori\u010dar Aleksandar Rakovi\u0107 izjavio je Srni da su vojni pu\u010d i velike demonstracije u Beogradu 27. marta 1941. godine bili slobodarski poku\u0161aj srpskog naroda da izbjegne veliku sramotu ulaska u savez sa nacistima i fa\u0161istima, te da su se Srbi tako opredijelili i za veliko stradanje \u010dija je paradigma Jasenovac, ali i za antifa\u0161izam i \u010dist obraz.<\/p>\n\n\n\n<p>Rakovi\u0107 je rekao da je posljedica de\u0161avanja 27. marta bila nacisti\u010dka agresija na Jugoslaviju, ali da bi ona, vjerovatno, uslijedila i da nije bilo poni\u0161tavanja protokola o pristupanju Jugoslavije Trojnom paktu jer se pokazalo da Hitler nije ispo\u0161tovao nijedan potpisani.<\/p>\n\n\n\n<p>&#8222;Poku\u0161ano je sve da se sa\u010duva obraz zemlje i da se ne pristane na savez sa nacistima i fa\u0161istima. Nakon pu\u010da 27. marta Jugoslavija je ostala zemlja slobodnog sveta. Ona je raskomadana, narod je veoma stradao, ali izvesno je da bi s obzirom na to s kim smo imali posla, svakako bili izlo\u017eeni stradanju i da bi posledice bile tragi\u010dne&#8220;, naveo je Rakovi\u0107.<\/p>\n\n\n\n<p>Danas su se navr\u0161ile 83 godine od vojnog pu\u010da i velikih demonstracija u Beogradu i drugim gradovima Srbije i biv\u0161e Jugoslavije koji su odredili sudbinu zemlje i njen dalji put ka bloku zemalja protivnika nacisti\u010dke NJema\u010dke.<\/p>\n\n\n\n<p>Pu\u010dem, koji je izvr\u0161en u jedan \u010das poslije pono\u0107i 27. marta 1941. godine poni\u0161ten je protokol o pristupanju Jugoslavije Trojnom paktu koji su \u010dinile NJema\u010dka, Italija i Japan, a koji su u ime jugoslovenske Vlade potpisali premijer Dragi\u0161a Cvetkovi\u0107 i ministar spoljnih poslova Aleksandar Cincar Markovi\u0107.<\/p>\n\n\n\n<p>Protokol, koji je isprovocirao pu\u010d, a potom i masovne demonstracije potpisan je poslije ocjene da je Jugoslavija strategijski u bezizlaznom polo\u017eaju, kao i da se ne mo\u017ee dobiti nikakva pomo\u0107 od saveznika.<\/p>\n\n\n\n<p>Time je uklonjeno namjesni\u0161tvo \u010dija je prva li\u010dnost bio knez Pavle Kara\u0111or\u0111evi\u0107, a maloljetni kralj Petar Drugi progla\u0161en je punoljetnim.<\/p>\n\n\n\n<p>\u010cim je informacija o pu\u010du, \u010dija je centralna figura bio general Du\u0161an Simovi\u0107, dospjela u narod, izbile su masovne uli\u010dne demonstracije kao znak podr\u0161ke gra\u0111ana pu\u010du, pra\u0107ene parolama koje su ostale upam\u0107ene u istoriji: &#8222;Bolje rat nego pakt&#8220; i &#8222;Bolje grob nego rob&#8220;.<\/p>\n\n\n\n<p>Istorijski nije potpuno rasvijetljeno, ali je op\u0161teprihva\u0107eno uvjerenje da je presudan podsticaj dr\u017eavnom udaru u tako prelomnom trenutku imao uticaj inostranstva, prije svega Londona, ali i Moskve.<\/p>\n\n\n\n<p>Srpske opozicione stranke i patriotske grupe, kao i Srpska pravoslavna crkva, sa odobravanjem su primile vijest o dr\u017eavnom udaru.<\/p>\n\n\n\n<p>Kasnije, 6. aprila, uslijedilo je brutalno bombardovanje Beograda i masovni napad NJema\u010dke, Italije, Bugarske i Ma\u0111arske na Jugoslaviju.<\/p>\n\n\n\n<p>Zemlja je raskomadana i formirane su takozvana Nezavisna Dr\u017eava Hrvatska, &#8222;velika Albanija&#8220; i &#8222;velika Bugarska&#8220;.<\/p>\n\n\n\n<p>Sudovi u Srbiji rehabilitovali su neke od u\u010desnika doga\u0111aja 25. i 27. marta 1941. godine, poput Dragi\u0161e Cvetkovi\u0107a, Slobodana Jovanovi\u0107a, \u017divana Kne\u017eevi\u0107a, te kneza Pavla Kara\u0111or\u0111evi\u0107a.<\/p>\n\n\n\n<p>Izvor:Srna, Foto:Ilustracija, Wikipedia<\/p>\n","protected":false},"excerpt":{"rendered":"<p>Istori\u010dar Aleksandar Rakovi\u0107 izjavio je Srni da su vojni pu\u010d i velike demonstracije u Beogradu 27. marta 1941. godine bili slobodarski poku\u0161aj srpskog naroda da izbjegne veliku sramotu ulaska u savez sa nacistima i fa\u0161istima, te da su se Srbi tako opredijelili i za veliko stradanje \u010dija je paradigma Jasenovac, ali i za antifa\u0161izam i [&hellip;]<\/p>\n","protected":false},"author":1,"featured_media":5145,"comment_status":"closed","ping_status":"closed","sticky":false,"template":"","format":"standard","meta":{"footnotes":""},"categories":[102],"tags":[],"class_list":["post-5144","post","type-post","status-publish","format-standard","has-post-thumbnail","hentry","category-istorija"],"aioseo_notices":[],"_links":{"self":[{"href":"https:\/\/javnost.rs\/index.php?rest_route=\/wp\/v2\/posts\/5144","targetHints":{"allow":["GET"]}}],"collection":[{"href":"https:\/\/javnost.rs\/index.php?rest_route=\/wp\/v2\/posts"}],"about":[{"href":"https:\/\/javnost.rs\/index.php?rest_route=\/wp\/v2\/types\/post"}],"author":[{"embeddable":true,"href":"https:\/\/javnost.rs\/index.php?rest_route=\/wp\/v2\/users\/1"}],"replies":[{"embeddable":true,"href":"https:\/\/javnost.rs\/index.php?rest_route=%2Fwp%2Fv2%2Fcomments&post=5144"}],"version-history":[{"count":1,"href":"https:\/\/javnost.rs\/index.php?rest_route=\/wp\/v2\/posts\/5144\/revisions"}],"predecessor-version":[{"id":5146,"href":"https:\/\/javnost.rs\/index.php?rest_route=\/wp\/v2\/posts\/5144\/revisions\/5146"}],"wp:featuredmedia":[{"embeddable":true,"href":"https:\/\/javnost.rs\/index.php?rest_route=\/wp\/v2\/media\/5145"}],"wp:attachment":[{"href":"https:\/\/javnost.rs\/index.php?rest_route=%2Fwp%2Fv2%2Fmedia&parent=5144"}],"wp:term":[{"taxonomy":"category","embeddable":true,"href":"https:\/\/javnost.rs\/index.php?rest_route=%2Fwp%2Fv2%2Fcategories&post=5144"},{"taxonomy":"post_tag","embeddable":true,"href":"https:\/\/javnost.rs\/index.php?rest_route=%2Fwp%2Fv2%2Ftags&post=5144"}],"curies":[{"name":"wp","href":"https:\/\/api.w.org\/{rel}","templated":true}]}}