{"id":5056,"date":"2024-03-26T23:05:21","date_gmt":"2024-03-26T22:05:21","guid":{"rendered":"https:\/\/javnost.rs\/?p=5056"},"modified":"2024-03-26T23:44:56","modified_gmt":"2024-03-26T22:44:56","slug":"u-palama-predstavljeno-stvaralastvo-nevena-milakovica-vila-sa-kosara","status":"publish","type":"post","link":"https:\/\/javnost.rs\/?p=5056","title":{"rendered":"U Palama predstavljeno stvarala\u0161tvo Nevena Milakovi\u0107a (Vila sa Ko\u0161ara)"},"content":{"rendered":"\n<p>U zajedni\u010dkoj organizaciji humanitarnog udru\u017eenja \u201eSveti Sava\u201c i \u041aulturno \u2013 sportskog centra Pale ve\u010deras su predstavljene zbirke pjesama, rodoljubiva \u201eVila sa \u041ao\u0161ara\u201c i duhovna \u201eRadost pokajanja\u201c autora Nevena Milakovi\u0107a.<\/p>\n\n\n\n<p>Na ve\u010dera\u0161njoj promociji akcenat je bio na zbirci \u201eVila sa \u041ao\u0161ara\u201c u kojoj je opisano stradanje srpskog naroda kroz istoriju. <\/p>\n\n\n\n<p>Pored autora, publici se obratio i Dejan Spasojevi\u0107, urednik izdava\u010dke ku\u0107e \u201eASoglas\u201c iz Zvornika. O kvalitetu i sadr\u017eaju pjesama u pomenutoj zbirci najbolje govori re\u010denica urednika Spasojevi\u0107a koja glasi \u201ePostoje pjesnici koji su rasplakali \u010dovjeka, postoje i pjesnici koji su rasplakali dvoranu, a Neven Milakovi\u0107 je rasplakao \u010ditav jedan narod\u201c &#8211; saop\u0161teno je iz Javne ustanove za kulturu i sport &#8222;Kulturno-sportski centar&#8220; Pale.<\/p>\n\n\n\n<p>Izvor: Javnost\/KSC Pale<\/p>\n\n\n\n<figure class=\"wp-block-embed is-type-video is-provider-youtube wp-block-embed-youtube wp-embed-aspect-16-9 wp-has-aspect-ratio\"><div class=\"wp-block-embed__wrapper\">\n<iframe title=\"\u0412\u0418\u041b\u0410 \u0421\u0410 \u041a\u041e\u0428\u0410\u0420\u0410 \/ VILA SA KOSARA - \u0414\u0430\u043d\u0438\u0446\u0430 \u0426\u0440\u043d\u043e\u0433\u043e\u0440\u0447\u0435\u0432\u0438\u045b (\u0423\u0416\u0418\u0412\u041e - \u0421\u0410\u0412\u0410 \u0426\u0415\u041d\u0422\u0410\u0420)\" width=\"640\" height=\"360\" src=\"https:\/\/www.youtube.com\/embed\/K2YCU-FecBk?feature=oembed\" frameborder=\"0\" allow=\"accelerometer; autoplay; clipboard-write; encrypted-media; gyroscope; picture-in-picture; web-share\" referrerpolicy=\"strict-origin-when-cross-origin\" allowfullscreen><\/iframe>\n<\/div><\/figure>\n","protected":false},"excerpt":{"rendered":"<p>U zajedni\u010dkoj organizaciji humanitarnog udru\u017eenja \u201eSveti Sava\u201c i \u041aulturno \u2013 sportskog centra Pale ve\u010deras su predstavljene zbirke pjesama, rodoljubiva \u201eVila sa \u041ao\u0161ara\u201c i duhovna \u201eRadost pokajanja\u201c autora Nevena Milakovi\u0107a. Na ve\u010dera\u0161njoj promociji akcenat je bio na zbirci \u201eVila sa \u041ao\u0161ara\u201c u kojoj je opisano stradanje srpskog naroda kroz istoriju. Pored autora, publici se obratio i [&hellip;]<\/p>\n","protected":false},"author":1,"featured_media":5057,"comment_status":"closed","ping_status":"closed","sticky":false,"template":"","format":"standard","meta":{"footnotes":""},"categories":[70],"tags":[],"class_list":["post-5056","post","type-post","status-publish","format-standard","has-post-thumbnail","hentry","category-70"],"aioseo_notices":[],"_links":{"self":[{"href":"https:\/\/javnost.rs\/index.php?rest_route=\/wp\/v2\/posts\/5056","targetHints":{"allow":["GET"]}}],"collection":[{"href":"https:\/\/javnost.rs\/index.php?rest_route=\/wp\/v2\/posts"}],"about":[{"href":"https:\/\/javnost.rs\/index.php?rest_route=\/wp\/v2\/types\/post"}],"author":[{"embeddable":true,"href":"https:\/\/javnost.rs\/index.php?rest_route=\/wp\/v2\/users\/1"}],"replies":[{"embeddable":true,"href":"https:\/\/javnost.rs\/index.php?rest_route=%2Fwp%2Fv2%2Fcomments&post=5056"}],"version-history":[{"count":1,"href":"https:\/\/javnost.rs\/index.php?rest_route=\/wp\/v2\/posts\/5056\/revisions"}],"predecessor-version":[{"id":5058,"href":"https:\/\/javnost.rs\/index.php?rest_route=\/wp\/v2\/posts\/5056\/revisions\/5058"}],"wp:featuredmedia":[{"embeddable":true,"href":"https:\/\/javnost.rs\/index.php?rest_route=\/wp\/v2\/media\/5057"}],"wp:attachment":[{"href":"https:\/\/javnost.rs\/index.php?rest_route=%2Fwp%2Fv2%2Fmedia&parent=5056"}],"wp:term":[{"taxonomy":"category","embeddable":true,"href":"https:\/\/javnost.rs\/index.php?rest_route=%2Fwp%2Fv2%2Fcategories&post=5056"},{"taxonomy":"post_tag","embeddable":true,"href":"https:\/\/javnost.rs\/index.php?rest_route=%2Fwp%2Fv2%2Ftags&post=5056"}],"curies":[{"name":"wp","href":"https:\/\/api.w.org\/{rel}","templated":true}]}}