{"id":5050,"date":"2024-03-26T22:53:24","date_gmt":"2024-03-26T21:53:24","guid":{"rendered":"https:\/\/javnost.rs\/?p=5050"},"modified":"2024-03-26T22:54:12","modified_gmt":"2024-03-26T21:54:12","slug":"izgradnja-rektorata-i-zgrade-muzicke-akademije-tece-planiranom-dinamikom","status":"publish","type":"post","link":"https:\/\/javnost.rs\/?p=5050","title":{"rendered":"Izgradnja Rektorata i zgrade Muzi\u010dke akademije te\u010de planiranom dinamikom"},"content":{"rendered":"\n<p>Na\u010delnik op\u0161tine Isto\u010dno Novo Sarajevo Jovan \u041aati\u0107 i rektor Univerziteta u Isto\u010dnom Sarajevu prof. dr Milan \u041auli\u0107, obi\u0161li su radove na rekonstrukciji i izgradnji Rektorata i zgrade Muzi\u010dke akademije, te istakli zadovoljstvo dinamikom radova.<\/p>\n\n\n\n<p>Vrijednost rekonstrukcije zgrade rektorata Univerziteta i Muzi\u010dke akademije u Isto\u010dnom Sarajevu, koje je obezbijedila Vlada Republike Srpske iznosi 9.348.776 \u041aM.<\/p>\n\n\n\n<figure class=\"wp-block-image size-large\"><img fetchpriority=\"high\" decoding=\"async\" width=\"1024\" height=\"640\" src=\"https:\/\/javnost.rs\/wp-content\/uploads\/2024\/03\/makad-1024x640.jpg\" alt=\"\" class=\"wp-image-5052\" srcset=\"https:\/\/javnost.rs\/wp-content\/uploads\/2024\/03\/makad-1024x640.jpg 1024w, https:\/\/javnost.rs\/wp-content\/uploads\/2024\/03\/makad-300x188.jpg 300w, https:\/\/javnost.rs\/wp-content\/uploads\/2024\/03\/makad-768x480.jpg 768w, https:\/\/javnost.rs\/wp-content\/uploads\/2024\/03\/makad-1536x960.jpg 1536w, https:\/\/javnost.rs\/wp-content\/uploads\/2024\/03\/makad.jpg 1600w\" sizes=\"(max-width: 1024px) 100vw, 1024px\" \/><\/figure>\n\n\n\n<p>Na\u010delnik op\u0161tine Isto\u010dno Novo Sarajevo Jovan \u041aati\u0107 rekao je da su ovo objekti koji se ostavljaju budu\u0107im generacijama, te da je \u010dast biti dio strukture koja je obezbijedila da se ovakvi objekti, ovako respektabilnih institucija, izgrade ba\u0161 u Isto\u010dnom Novom Sarajevu.<\/p>\n\n\n\n<figure class=\"wp-block-image size-large\"><img decoding=\"async\" width=\"768\" height=\"1024\" src=\"https:\/\/javnost.rs\/wp-content\/uploads\/2024\/03\/432146018_790655653097914_122540910558355506_n-768x1024.jpg\" alt=\"\" class=\"wp-image-5053\" srcset=\"https:\/\/javnost.rs\/wp-content\/uploads\/2024\/03\/432146018_790655653097914_122540910558355506_n-768x1024.jpg 768w, https:\/\/javnost.rs\/wp-content\/uploads\/2024\/03\/432146018_790655653097914_122540910558355506_n-225x300.jpg 225w, https:\/\/javnost.rs\/wp-content\/uploads\/2024\/03\/432146018_790655653097914_122540910558355506_n-1152x1536.jpg 1152w, https:\/\/javnost.rs\/wp-content\/uploads\/2024\/03\/432146018_790655653097914_122540910558355506_n.jpg 1536w\" sizes=\"(max-width: 768px) 100vw, 768px\" \/><\/figure>\n\n\n\n<p>Op\u0161tina Isto\u010dno Novo Sarajevo zajedno sa gradom Isto\u010dno Sarajevo, finansirala je izradu projektne dokumentacije, ustupila je zemlji\u0161te, te \u0107e snositi tro\u0161kove rente i ure\u0111enja za zgradu Rektorata i Muzi\u010dke akademije.<\/p>\n\n\n\n<p>Izvor: RTVIS\/OINS<\/p>\n","protected":false},"excerpt":{"rendered":"<p>Na\u010delnik op\u0161tine Isto\u010dno Novo Sarajevo Jovan \u041aati\u0107 i rektor Univerziteta u Isto\u010dnom Sarajevu prof. dr Milan \u041auli\u0107, obi\u0161li su radove na rekonstrukciji i izgradnji Rektorata i zgrade Muzi\u010dke akademije, te istakli zadovoljstvo dinamikom radova. Vrijednost rekonstrukcije zgrade rektorata Univerziteta i Muzi\u010dke akademije u Isto\u010dnom Sarajevu, koje je obezbijedila Vlada Republike Srpske iznosi 9.348.776 \u041aM. Na\u010delnik [&hellip;]<\/p>\n","protected":false},"author":1,"featured_media":5051,"comment_status":"closed","ping_status":"closed","sticky":false,"template":"","format":"standard","meta":{"footnotes":""},"categories":[83],"tags":[],"class_list":["post-5050","post","type-post","status-publish","format-standard","has-post-thumbnail","hentry","category-83"],"aioseo_notices":[],"_links":{"self":[{"href":"https:\/\/javnost.rs\/index.php?rest_route=\/wp\/v2\/posts\/5050","targetHints":{"allow":["GET"]}}],"collection":[{"href":"https:\/\/javnost.rs\/index.php?rest_route=\/wp\/v2\/posts"}],"about":[{"href":"https:\/\/javnost.rs\/index.php?rest_route=\/wp\/v2\/types\/post"}],"author":[{"embeddable":true,"href":"https:\/\/javnost.rs\/index.php?rest_route=\/wp\/v2\/users\/1"}],"replies":[{"embeddable":true,"href":"https:\/\/javnost.rs\/index.php?rest_route=%2Fwp%2Fv2%2Fcomments&post=5050"}],"version-history":[{"count":2,"href":"https:\/\/javnost.rs\/index.php?rest_route=\/wp\/v2\/posts\/5050\/revisions"}],"predecessor-version":[{"id":5055,"href":"https:\/\/javnost.rs\/index.php?rest_route=\/wp\/v2\/posts\/5050\/revisions\/5055"}],"wp:featuredmedia":[{"embeddable":true,"href":"https:\/\/javnost.rs\/index.php?rest_route=\/wp\/v2\/media\/5051"}],"wp:attachment":[{"href":"https:\/\/javnost.rs\/index.php?rest_route=%2Fwp%2Fv2%2Fmedia&parent=5050"}],"wp:term":[{"taxonomy":"category","embeddable":true,"href":"https:\/\/javnost.rs\/index.php?rest_route=%2Fwp%2Fv2%2Fcategories&post=5050"},{"taxonomy":"post_tag","embeddable":true,"href":"https:\/\/javnost.rs\/index.php?rest_route=%2Fwp%2Fv2%2Ftags&post=5050"}],"curies":[{"name":"wp","href":"https:\/\/api.w.org\/{rel}","templated":true}]}}