{"id":4978,"date":"2024-03-26T10:53:34","date_gmt":"2024-03-26T09:53:34","guid":{"rendered":"https:\/\/javnost.rs\/?p=4978"},"modified":"2024-03-26T10:53:37","modified_gmt":"2024-03-26T09:53:37","slug":"univerzitet-u-istocnom-sarajevu-uspjesno-promovisao-aktivnosti-na-sajmu-obrazovanja-putokazi-u-novom-sadu","status":"publish","type":"post","link":"https:\/\/javnost.rs\/?p=4978","title":{"rendered":"Univerzitet u Isto\u010dnom Sarajevu uspje\u0161no promovisao aktivnosti na Sajmu obrazovanja &#8222;Putokazi&#8220; u Novom Sadu"},"content":{"rendered":"\n<p>Ministarka prosvete Republike Srbije Slavica \u0110uki\u0107 Dejanovi\u0107 u \u010detvrtak, 21. marta, otvorila je 19. Me\u0111unarodni sajam obrazovanja \u201ePutokazi\u201c u Novom Sadu i istakla da je obrazovanje u Srbiji dostupno svakom djetetu, a da je u Vojvodini najvi\u0161e vidljiva nova vrijednost srpskog obrazovnog sistema koji podrazumijeva obrazovanje na jezicima nacionalnih manjina.<\/p>\n\n\n\n<p>Na pomenutom Sajmu predstavio se i Univerzitetet u Isto\u010dnom Sarajevu sa svih 15 fakulteta i 2 akademije. Veliki broj srednjo\u0161kolaca se interesovao za studiranje u Republici Srpskoj, a najve\u0107i interes su iskazali za tehni\u010dke nauke i medicinu.<\/p>\n\n\n\n<p>Na\u0161 \u0161tand posjetio je prof. dr Zoran Milo\u0161evi\u0107, pokrajinski sekretar za visoko obrazovanje nau\u010dnoistra\u017eiva\u010dku delatnost kao dugogodi\u0161nji prijatelj i saradnik na\u0161eg Univerziteta &#8211; saop\u0161teno je iz ove visoko\u0161kolske ustanove.<\/p>\n\n\n\n<p>Me\u0111unarodni sajam obrazovanja okupio je predstavnike institucija koje predstavljaju vi\u0161e od 500 obrazovnih profila i daju sveobuhvatnu ponudu srednjeg i visokog obrazovanja u na\u0161oj zemlji, kao i srednjih \u0161kola i fakulteta u Slova\u010dkoj, Crnoj Gori i Bosni i Hercegovini (Republici Srpskoj).<\/p>\n\n\n\n<p>Izvor: Javnost\/UIS<\/p>\n","protected":false},"excerpt":{"rendered":"<p>Ministarka prosvete Republike Srbije Slavica \u0110uki\u0107 Dejanovi\u0107 u \u010detvrtak, 21. marta, otvorila je 19. Me\u0111unarodni sajam obrazovanja \u201ePutokazi\u201c u Novom Sadu i istakla da je obrazovanje u Srbiji dostupno svakom djetetu, a da je u Vojvodini najvi\u0161e vidljiva nova vrijednost srpskog obrazovnog sistema koji podrazumijeva obrazovanje na jezicima nacionalnih manjina. Na pomenutom Sajmu predstavio se [&hellip;]<\/p>\n","protected":false},"author":1,"featured_media":4979,"comment_status":"closed","ping_status":"closed","sticky":false,"template":"","format":"standard","meta":{"footnotes":""},"categories":[83],"tags":[],"class_list":["post-4978","post","type-post","status-publish","format-standard","has-post-thumbnail","hentry","category-83"],"aioseo_notices":[],"_links":{"self":[{"href":"https:\/\/javnost.rs\/index.php?rest_route=\/wp\/v2\/posts\/4978","targetHints":{"allow":["GET"]}}],"collection":[{"href":"https:\/\/javnost.rs\/index.php?rest_route=\/wp\/v2\/posts"}],"about":[{"href":"https:\/\/javnost.rs\/index.php?rest_route=\/wp\/v2\/types\/post"}],"author":[{"embeddable":true,"href":"https:\/\/javnost.rs\/index.php?rest_route=\/wp\/v2\/users\/1"}],"replies":[{"embeddable":true,"href":"https:\/\/javnost.rs\/index.php?rest_route=%2Fwp%2Fv2%2Fcomments&post=4978"}],"version-history":[{"count":1,"href":"https:\/\/javnost.rs\/index.php?rest_route=\/wp\/v2\/posts\/4978\/revisions"}],"predecessor-version":[{"id":4980,"href":"https:\/\/javnost.rs\/index.php?rest_route=\/wp\/v2\/posts\/4978\/revisions\/4980"}],"wp:featuredmedia":[{"embeddable":true,"href":"https:\/\/javnost.rs\/index.php?rest_route=\/wp\/v2\/media\/4979"}],"wp:attachment":[{"href":"https:\/\/javnost.rs\/index.php?rest_route=%2Fwp%2Fv2%2Fmedia&parent=4978"}],"wp:term":[{"taxonomy":"category","embeddable":true,"href":"https:\/\/javnost.rs\/index.php?rest_route=%2Fwp%2Fv2%2Fcategories&post=4978"},{"taxonomy":"post_tag","embeddable":true,"href":"https:\/\/javnost.rs\/index.php?rest_route=%2Fwp%2Fv2%2Ftags&post=4978"}],"curies":[{"name":"wp","href":"https:\/\/api.w.org\/{rel}","templated":true}]}}