{"id":4897,"date":"2024-03-25T22:00:06","date_gmt":"2024-03-25T21:00:06","guid":{"rendered":"https:\/\/javnost.rs\/?p=4897"},"modified":"2024-03-25T22:00:10","modified_gmt":"2024-03-25T21:00:10","slug":"sijekovac-prvi-masovni-ratni-zlocin-nad-civilima","status":"publish","type":"post","link":"https:\/\/javnost.rs\/?p=4897","title":{"rendered":"Sijekovac &#8211; prvi masovni ratni zlo\u010din nad civilima"},"content":{"rendered":"\n<p>Pomo\u0107nik ministra rada i bora\u010dko-invalidske za\u0161tite Republike Srpske Neboj\u0161a Vidakovi\u0107 izjavio je da je pokolj u Sijekovcu bio prvi masovni ratni zlo\u010din nad civilima u tragi\u010dnom sukobu na prostoru BiH.<\/p>\n\n\n\n<p>&#8222;Regularne snage Hrvatske vojske i HOS-a, zajedno sa doma\u0107im muslimansko-hrvatskim snagama, upale su u popodnevnim \u010dasovima 26. marta 1992. godine u prigradsko naselje Bosanskog Broda, Sijekovac, gdje su po\u010dinile zlo\u010din nad civilima srpske nacionalnosti, ubiv\u0161i za samo jedan sat devet lica&#8220;, rekao je Vidakovi\u0107 na konferenciji za novinare u Banjaluci.<\/p>\n\n\n\n<p>Vidakovi\u0107 je napomenuo da su svi ubijeni bili iz sijekova\u010dkih porodica Ze\u010devi\u0107, Milo\u0161evi\u0107, Trifunovi\u0107 i Radanovi\u0107, a zapaljeno je ili uni\u0161teno 15 ku\u0107a, kao i pravoslavna crkva Svete velikomu\u010denice Ognjene Marije.<\/p>\n\n\n\n<p>On je naveo da je potresna sudbina Jovana Ze\u010devi\u0107a koji je ubijen u ku\u0107i zajedno sa svoja tri sina, Milanom, Vasom i Petrom, licem sa posebnim potrebama.<\/p>\n\n\n\n<p>&#8222;Ista sudbina zadesila je Luku Milo\u0161evi\u0107a koji je ubijen zajedno sa svoja dva sina, \u017deljkom i Draganom. Ubijeni su jo\u0161 i Mirko Radanovi\u0107 i Sreto Trivi\u0107&#8220;, naveo je on.<\/p>\n\n\n\n<p>Vidakovi\u0107 je napomenuo da je najmla\u0111a \u017ertva ovog zlo\u010dina bio Dragan Milo\u0161evi\u0107 sa 17 godina, a najstariji Jovo Ze\u010devi\u0107 sa 72 godine.<\/p>\n\n\n\n<p>Pozivaju\u0107i se na podatke Republi\u010dkog centra za istra\u017eivanje rata, ratnih zlo\u010dina i tra\u017eenja nestalih lica, Vidakovi\u0107 je rekao da je pored ovih devet lica, do oslobo\u0111enja Broda u Sijekovcu ubijeno jo\u0161 devet lica srpske nacionalnosti.<\/p>\n\n\n\n<p>&#8222;Tokom okupacije Broda, ukupno su poginula ili ubijena 504 lica, od kojih je 137 civila. Iz \u010detiri masovne grobnice sa podru\u010dja Sijekovca i Broda ekshumirano 126 lica srpske nacionalnosti&#8220;, naveo je Vidakovi\u0107.<\/p>\n\n\n\n<p>Vidakovi\u0107 je podsjetio da je za zlo\u010din u Sijekovcu pravosna\u017eno osu\u0111eno samo jedno lice, i to Zemir Kova\u010devi\u0107, pripadnik interventnog voda, koji je za krivi\u010dno djelo ratnog zlo\u010dina protiv civilnog stanovni\u0161tva i zlo\u010dina protiv \u010dovje\u010dnosti osu\u0111en na 10 godina zatvora.<\/p>\n\n\n\n<p>On je dodao da je komandir interventnog voda &#8222;Sijekovac&#8220; Nijaz \u010cau\u0161evi\u0107 bio aktivan u Hrvatskoj vojsci sve do novembra 2007. godine, kada je penzionisan.<\/p>\n\n\n\n<p>Slu\u017ebenik za odnose s javno\u0161\u0107u Ministarstva rada i bora\u010dko-invalidske za\u0161tite Republike Srpske Maja Radeti\u0107 rekla je da obilje\u017eavanje stradanja Srba u Sijekovcu po\u010dinje sutra slu\u017eenjem parastosa u 10.30 \u010dasova u Crkvi Svete velikomu\u010denice Ognjene Marije.<\/p>\n\n\n\n<p>Prema njenim rije\u010dima, u 10.45 \u010dasova predvi\u0111eno je polaganje vijenaca i cvije\u0107a, dok je obra\u0107anje zvani\u010dnika predvi\u0111eno u 10.50 \u010dasova.<\/p>\n\n\n\n<p>Pripadnici regularne Hrvatske vojske sa paravojnim hrvatsko-muslimanskim jedinicama iz BiH i Hrvatske ubili su 26. marta, 1992. godine, u Sijekovcu, devet srpskih civila, a narednih dana ubijeno je jo\u0161 37 Srba iz ovog prigradskog naselja.<\/p>\n\n\n\n<p>Najmla\u0111a \u017ertva svirepog zlo\u010dina imala je 17, a najstarija 72 godine, dok je u zlo\u010dina\u010dkom pohodu zapaljeno 15 ku\u0107a i crkva.<\/p>\n\n\n\n<p>Bio je to prvi masovni zlo\u010din i prije nego \u0161to je po\u010deo oru\u017eani sukob u BiH koji su po\u010dinile regularne snage hrvatske vojske i paravojne muslimansko-hrvatske formacije.<\/p>\n\n\n\n<p>\u010clanovi porodica Marti\u0107 i Dujani\u0107 ubijeni su 25. marta 1992. godine u Brodu, a ve\u0107 sutradan dogodio se pokolj u Sijekovcu.<\/p>\n\n\n\n<p>U dokumentima Bora\u010dke organizacije Brod navodi se da je tokom 1992. godine u Sijekovcu ubijeno 46 srpskih civila.<\/p>\n\n\n\n<p>Okupacija hrvatskih snaga prekinuta je 7. oktobra 1992. godine, kada je uz pomo\u0107 pa\u017eljivo osmi\u0161ljene vojne akcije generala Slavka Lisice oslobo\u0111ena op\u0161tina Brod.<\/p>\n\n\n\n<p>Izvor:Srna<\/p>\n","protected":false},"excerpt":{"rendered":"<p>Pomo\u0107nik ministra rada i bora\u010dko-invalidske za\u0161tite Republike Srpske Neboj\u0161a Vidakovi\u0107 izjavio je da je pokolj u Sijekovcu bio prvi masovni ratni zlo\u010din nad civilima u tragi\u010dnom sukobu na prostoru BiH. &#8222;Regularne snage Hrvatske vojske i HOS-a, zajedno sa doma\u0107im muslimansko-hrvatskim snagama, upale su u popodnevnim \u010dasovima 26. marta 1992. godine u prigradsko naselje Bosanskog Broda, [&hellip;]<\/p>\n","protected":false},"author":1,"featured_media":4898,"comment_status":"closed","ping_status":"closed","sticky":false,"template":"","format":"standard","meta":{"footnotes":""},"categories":[120],"tags":[],"class_list":["post-4897","post","type-post","status-publish","format-standard","has-post-thumbnail","hentry","category-kultura-sjecanja"],"aioseo_notices":[],"_links":{"self":[{"href":"https:\/\/javnost.rs\/index.php?rest_route=\/wp\/v2\/posts\/4897","targetHints":{"allow":["GET"]}}],"collection":[{"href":"https:\/\/javnost.rs\/index.php?rest_route=\/wp\/v2\/posts"}],"about":[{"href":"https:\/\/javnost.rs\/index.php?rest_route=\/wp\/v2\/types\/post"}],"author":[{"embeddable":true,"href":"https:\/\/javnost.rs\/index.php?rest_route=\/wp\/v2\/users\/1"}],"replies":[{"embeddable":true,"href":"https:\/\/javnost.rs\/index.php?rest_route=%2Fwp%2Fv2%2Fcomments&post=4897"}],"version-history":[{"count":1,"href":"https:\/\/javnost.rs\/index.php?rest_route=\/wp\/v2\/posts\/4897\/revisions"}],"predecessor-version":[{"id":4899,"href":"https:\/\/javnost.rs\/index.php?rest_route=\/wp\/v2\/posts\/4897\/revisions\/4899"}],"wp:featuredmedia":[{"embeddable":true,"href":"https:\/\/javnost.rs\/index.php?rest_route=\/wp\/v2\/media\/4898"}],"wp:attachment":[{"href":"https:\/\/javnost.rs\/index.php?rest_route=%2Fwp%2Fv2%2Fmedia&parent=4897"}],"wp:term":[{"taxonomy":"category","embeddable":true,"href":"https:\/\/javnost.rs\/index.php?rest_route=%2Fwp%2Fv2%2Fcategories&post=4897"},{"taxonomy":"post_tag","embeddable":true,"href":"https:\/\/javnost.rs\/index.php?rest_route=%2Fwp%2Fv2%2Ftags&post=4897"}],"curies":[{"name":"wp","href":"https:\/\/api.w.org\/{rel}","templated":true}]}}