{"id":4895,"date":"2024-03-25T21:53:57","date_gmt":"2024-03-25T20:53:57","guid":{"rendered":"https:\/\/javnost.rs\/?p=4895"},"modified":"2024-03-25T21:54:02","modified_gmt":"2024-03-25T20:54:02","slug":"progovori-da-vidim-ko-si","status":"publish","type":"post","link":"https:\/\/javnost.rs\/?p=4895","title":{"rendered":"Progovori da vidim ko si"},"content":{"rendered":"\n<p>Za nadarene u\u010denike osnovnih i srednjih \u0161kola iz Doboja danas je odr\u017eana radionica &#8222;Progovori da vidim ko si&#8220; o pobolj\u0161anju govornih navika s obzirom na to da je kod mladih zastupljen veliki broj po\u0161tapalica u govoru, nerazgovjetnost, neartikulacija i mumlanje.<\/p>\n\n\n\n<p>&#8222;Mladi danas re\u010denicu po\u010dinju sa <code>pa<\/code>, <code>ovaj<\/code>, to su po\u0161tapalice, govorni\u010dke mane o kojima je pri\u010dao \u010dak i Branislav Nu\u0161i\u0107 u svom ud\u017ebeniku <code>Retorika<\/code> jo\u0161 1933. godine&#8220;, rekao je glumac Milan Bosilj\u010di\u0107 koji vodi radionice osnovcima.<\/p>\n\n\n\n<p>On je naveo da se prvi negativni efekti uo\u010de tokom razgovora za posao kada se od kandidata tra\u017ei da ispri\u010da ne\u0161to o sebi.<\/p>\n\n\n\n<p>Ovom tematikom ve\u0107 sedam godina bavi se beogradsko Udru\u017eenje za unapre\u0111enje i razvoj kulture javnog govora &#8222;Izra\u017eajnost&#8220;, kroz koju je obuku pro\u0161lo oko 25.000 djece i nastavnika u Srbiji, Republici Srpskoj i dijaspori.<\/p>\n\n\n\n<p>&#8222;Izdali smo i prvo zvani\u010dno nastavno sredstvo koje je uvr\u0161teno u Srbiji i Srpskoj od tre\u0107eg razreda osnovne do kraja srednje \u0161kole kao zvani\u010dni priru\u010dnik za kulturu govora&#8220;, izjavio je Bosilj\u010di\u0107, te dodao da je cilj ud\u017ebenika da nadogradi ono \u0161to nema u \u0161kolstvu.<\/p>\n\n\n\n<p>Bosilj\u010di\u0107 je pojasnio da se kultura izra\u017eavanja, u mnogim zemljama, poput Danske, Norve\u0161ke, Finske, izu\u010dava kao strani jezik, i u\u010di se od prvog razreda osnovne \u0161kole, ali da to, trenutno, nije slu\u010daj u Srbiji, kao ni u Republici Srpskoj.<\/p>\n\n\n\n<p>On je pojasnio da projekat predvi\u0111a \u010detiri radionice u trajanju od po tri \u010dasa, tokom kojih \u0107e djeci biti predstavljene odre\u0111ene vje\u0161tine kulture govora.<\/p>\n\n\n\n<p>Savjetnik gradona\u010delnika Doboja Dijana Kaleni\u0107 rekla je novinarima da su radionice namijenjene nadarenim u\u010denicima sa izrazitim op\u0161tim uspjehom i postignutim rezultatima na takmi\u010denjima.<\/p>\n\n\n\n<p>Prema njenim rije\u010dima, za u\u010desnike su obezbije\u0111ene knjige &#8222;Progovori da vidim ko si&#8220; autora Slobodana Roksandi\u0107a, koju su izdali Zavod za ud\u017ebenike i nastavna sredstva Republike Srpske i beogradsko udru\u017eenje &#8222;Izra\u017eajnost&#8220;.<\/p>\n\n\n\n<p>Ona je najavila da \u0107e po zavr\u0161etku radionica, u maju, polaznici prezentovati svoje ste\u010dene vje\u0161tine.<\/p>\n\n\n\n<p>Dana\u0161nji polaznici ukazali su na to da naj\u010de\u0161\u0107e nisu svjesni upotrebe po\u0161tapalica kao stranih rije\u010di, koje su prisutne u svakodnevnom govoru.<\/p>\n\n\n\n<p>Radionice, \u010diji je pokrovitelj gradona\u010delnik Doboja, odr\u017eavaju se u Gimnaziji &#8222;Jovan Du\u010di\u0107&#8220; za osnovce, a za srednjo\u0161kolce na Saobra\u0107ajnom fakultetu.<\/p>\n\n\n\n<p>Izvor Srna, Foto: Izrazajnost<\/p>\n","protected":false},"excerpt":{"rendered":"<p>Za nadarene u\u010denike osnovnih i srednjih \u0161kola iz Doboja danas je odr\u017eana radionica &#8222;Progovori da vidim ko si&#8220; o pobolj\u0161anju govornih navika s obzirom na to da je kod mladih zastupljen veliki broj po\u0161tapalica u govoru, nerazgovjetnost, neartikulacija i mumlanje. &#8222;Mladi danas re\u010denicu po\u010dinju sa pa, ovaj, to su po\u0161tapalice, govorni\u010dke mane o kojima je [&hellip;]<\/p>\n","protected":false},"author":1,"featured_media":4891,"comment_status":"closed","ping_status":"closed","sticky":false,"template":"","format":"standard","meta":{"footnotes":""},"categories":[83],"tags":[],"class_list":["post-4895","post","type-post","status-publish","format-standard","has-post-thumbnail","hentry","category-83"],"aioseo_notices":[],"_links":{"self":[{"href":"https:\/\/javnost.rs\/index.php?rest_route=\/wp\/v2\/posts\/4895","targetHints":{"allow":["GET"]}}],"collection":[{"href":"https:\/\/javnost.rs\/index.php?rest_route=\/wp\/v2\/posts"}],"about":[{"href":"https:\/\/javnost.rs\/index.php?rest_route=\/wp\/v2\/types\/post"}],"author":[{"embeddable":true,"href":"https:\/\/javnost.rs\/index.php?rest_route=\/wp\/v2\/users\/1"}],"replies":[{"embeddable":true,"href":"https:\/\/javnost.rs\/index.php?rest_route=%2Fwp%2Fv2%2Fcomments&post=4895"}],"version-history":[{"count":1,"href":"https:\/\/javnost.rs\/index.php?rest_route=\/wp\/v2\/posts\/4895\/revisions"}],"predecessor-version":[{"id":4896,"href":"https:\/\/javnost.rs\/index.php?rest_route=\/wp\/v2\/posts\/4895\/revisions\/4896"}],"wp:featuredmedia":[{"embeddable":true,"href":"https:\/\/javnost.rs\/index.php?rest_route=\/wp\/v2\/media\/4891"}],"wp:attachment":[{"href":"https:\/\/javnost.rs\/index.php?rest_route=%2Fwp%2Fv2%2Fmedia&parent=4895"}],"wp:term":[{"taxonomy":"category","embeddable":true,"href":"https:\/\/javnost.rs\/index.php?rest_route=%2Fwp%2Fv2%2Fcategories&post=4895"},{"taxonomy":"post_tag","embeddable":true,"href":"https:\/\/javnost.rs\/index.php?rest_route=%2Fwp%2Fv2%2Ftags&post=4895"}],"curies":[{"name":"wp","href":"https:\/\/api.w.org\/{rel}","templated":true}]}}