{"id":4256,"date":"2024-03-12T10:38:42","date_gmt":"2024-03-12T09:38:42","guid":{"rendered":"https:\/\/javnost.rs\/?p=4256"},"modified":"2024-03-12T10:41:25","modified_gmt":"2024-03-12T09:41:25","slug":"sastanak-direktora-bhr1-sa-direktorima-telekom-operatera-u-bih","status":"publish","type":"post","link":"https:\/\/javnost.rs\/?p=4256","title":{"rendered":"Sastanak direktora BHR1 sa direktorima telekom operatera u BIH"},"content":{"rendered":"\t\t<div data-elementor-type=\"wp-post\" data-elementor-id=\"4256\" class=\"elementor elementor-4256\">\n\t\t\t\t<div class=\"elementor-element elementor-element-c2880ae e-flex e-con-boxed e-con e-parent\" data-id=\"c2880ae\" data-element_type=\"container\">\n\t\t\t\t\t<div class=\"e-con-inner\">\n\t\t\t\t<div class=\"elementor-element elementor-element-63be9f5 elementor-widget elementor-widget-text-editor\" data-id=\"63be9f5\" data-element_type=\"widget\" data-widget_type=\"text-editor.default\">\n\t\t\t\t<div class=\"elementor-widget-container\">\n\t\t\t\t\t\t\t\t\t<div class=\"xdj266r x11i5rnm xat24cr x1mh8g0r x1vvkbs x126k92a\"><div dir=\"auto\">Telekom operateri su veoma bitan partner i zna\u010dajna podr\u0161ka brojnim razvojnim projektima u BiH ali i medijima i medijskim projektima.<\/div><\/div><div class=\"x11i5rnm xat24cr x1mh8g0r x1vvkbs xtlvy1s x126k92a\"><div dir=\"auto\">Upravo to su teme o kojima je direktor BHR1 Dejan Kerleta razgovarao danas u Sarajevu sa Amelom Kova\u010devi\u0107em v. d. direktora BH Telekoma ali i nedavno sa direktorom Mtel-a Jelenom Trivan u Banjaluci.<\/div><\/div><div class=\"x11i5rnm xat24cr x1mh8g0r x1vvkbs xtlvy1s x126k92a\"><div dir=\"auto\">Nadamo se da \u0107e ovi sastanci rezultirati i u narednom periodu doprinijeti jo\u0161 boljoj saradnji izme\u0111u BH radija 1 i na\u0161ih telekom operatera.<\/div><\/div>\t\t\t\t\t\t\t\t<\/div>\n\t\t\t\t<\/div>\n\t\t\t\t\t<\/div>\n\t\t\t\t<\/div>\n\t\t<div class=\"elementor-element elementor-element-658debd e-flex e-con-boxed e-con e-parent\" data-id=\"658debd\" data-element_type=\"container\">\n\t\t\t\t\t<div class=\"e-con-inner\">\n\t\t\t\t<div class=\"elementor-element elementor-element-df099d9 elementor-widget elementor-widget-image\" data-id=\"df099d9\" data-element_type=\"widget\" data-widget_type=\"image.default\">\n\t\t\t\t<div class=\"elementor-widget-container\">\n\t\t\t\t\t\t\t\t\t\t\t\t\t\t\t<img fetchpriority=\"high\" decoding=\"async\" width=\"640\" height=\"640\" src=\"https:\/\/javnost.rs\/wp-content\/uploads\/2024\/03\/kerleta2.jpg\" class=\"attachment-large size-large wp-image-4259\" alt=\"\" srcset=\"https:\/\/javnost.rs\/wp-content\/uploads\/2024\/03\/kerleta2.jpg 720w, https:\/\/javnost.rs\/wp-content\/uploads\/2024\/03\/kerleta2-300x300.jpg 300w, https:\/\/javnost.rs\/wp-content\/uploads\/2024\/03\/kerleta2-150x150.jpg 150w, https:\/\/javnost.rs\/wp-content\/uploads\/2024\/03\/kerleta2-96x96.jpg 96w\" sizes=\"(max-width: 640px) 100vw, 640px\" \/>\t\t\t\t\t\t\t\t\t\t\t\t\t\t\t<\/div>\n\t\t\t\t<\/div>\n\t\t\t\t\t<\/div>\n\t\t\t\t<\/div>\n\t\t<div class=\"elementor-element elementor-element-cb7992a e-flex e-con-boxed e-con e-parent\" data-id=\"cb7992a\" data-element_type=\"container\">\n\t\t\t\t\t<div class=\"e-con-inner\">\n\t\t\t\t<div class=\"elementor-element elementor-element-0755aae elementor-widget elementor-widget-text-editor\" data-id=\"0755aae\" data-element_type=\"widget\" data-widget_type=\"text-editor.default\">\n\t\t\t\t<div class=\"elementor-widget-container\">\n\t\t\t\t\t\t\t\t\t<p>Izvor i foto: BHR1<\/p>\t\t\t\t\t\t\t\t<\/div>\n\t\t\t\t<\/div>\n\t\t\t\t\t<\/div>\n\t\t\t\t<\/div>\n\t\t\t\t<\/div>\n\t\t","protected":false},"excerpt":{"rendered":"<p>Telekom operateri su veoma bitan partner i zna\u010dajna podr\u0161ka brojnim razvojnim projektima u BiH ali i medijima i medijskim projektima.Upravo to su teme o kojima je direktor BHR1 Dejan Kerleta razgovarao danas u Sarajevu sa Amelom Kova\u010devi\u0107em v. d. direktora BH Telekoma ali i nedavno sa direktorom Mtel-a Jelenom Trivan u Banjaluci.Nadamo se da \u0107e [&hellip;]<\/p>\n","protected":false},"author":1,"featured_media":4257,"comment_status":"closed","ping_status":"closed","sticky":false,"template":"","format":"standard","meta":{"footnotes":""},"categories":[72],"tags":[],"class_list":["post-4256","post","type-post","status-publish","format-standard","has-post-thumbnail","hentry","category-72"],"aioseo_notices":[],"_links":{"self":[{"href":"https:\/\/javnost.rs\/index.php?rest_route=\/wp\/v2\/posts\/4256","targetHints":{"allow":["GET"]}}],"collection":[{"href":"https:\/\/javnost.rs\/index.php?rest_route=\/wp\/v2\/posts"}],"about":[{"href":"https:\/\/javnost.rs\/index.php?rest_route=\/wp\/v2\/types\/post"}],"author":[{"embeddable":true,"href":"https:\/\/javnost.rs\/index.php?rest_route=\/wp\/v2\/users\/1"}],"replies":[{"embeddable":true,"href":"https:\/\/javnost.rs\/index.php?rest_route=%2Fwp%2Fv2%2Fcomments&post=4256"}],"version-history":[{"count":4,"href":"https:\/\/javnost.rs\/index.php?rest_route=\/wp\/v2\/posts\/4256\/revisions"}],"predecessor-version":[{"id":4262,"href":"https:\/\/javnost.rs\/index.php?rest_route=\/wp\/v2\/posts\/4256\/revisions\/4262"}],"wp:featuredmedia":[{"embeddable":true,"href":"https:\/\/javnost.rs\/index.php?rest_route=\/wp\/v2\/media\/4257"}],"wp:attachment":[{"href":"https:\/\/javnost.rs\/index.php?rest_route=%2Fwp%2Fv2%2Fmedia&parent=4256"}],"wp:term":[{"taxonomy":"category","embeddable":true,"href":"https:\/\/javnost.rs\/index.php?rest_route=%2Fwp%2Fv2%2Fcategories&post=4256"},{"taxonomy":"post_tag","embeddable":true,"href":"https:\/\/javnost.rs\/index.php?rest_route=%2Fwp%2Fv2%2Ftags&post=4256"}],"curies":[{"name":"wp","href":"https:\/\/api.w.org\/{rel}","templated":true}]}}