{"id":4180,"date":"2024-03-11T16:39:01","date_gmt":"2024-03-11T15:39:01","guid":{"rendered":"https:\/\/javnost.rs\/?p=4180"},"modified":"2024-03-12T13:39:52","modified_gmt":"2024-03-12T12:39:52","slug":"u-cetvrtak-promocija-knjige-reci-caci-da-trazi-kamion","status":"publish","type":"post","link":"https:\/\/javnost.rs\/?p=4180","title":{"rendered":"U \u010detvrtak promocija knjige \u201eReci \u0107a\u0107i da tra\u017ei kamion\u201c"},"content":{"rendered":"\t\t<div data-elementor-type=\"wp-post\" data-elementor-id=\"4180\" class=\"elementor elementor-4180\">\n\t\t\t\t<div class=\"elementor-element elementor-element-8c526f4 e-flex e-con-boxed e-con e-parent\" data-id=\"8c526f4\" data-element_type=\"container\">\n\t\t\t\t\t<div class=\"e-con-inner\">\n\t\t\t\t<div class=\"elementor-element elementor-element-4514abd elementor-widget elementor-widget-text-editor\" data-id=\"4514abd\" data-element_type=\"widget\" data-widget_type=\"text-editor.default\">\n\t\t\t\t<div class=\"elementor-widget-container\">\n\t\t\t\t\t\t\t\t\t<p>Promocija knjige \u201eReci \u0107a\u0107i da tra\u017ei kamion\u201c odr\u017ea\u0107e se u \u010detvrtak, 14. marta, u 18.00 \u010dasova u sali op\u0161tine Isto\u010dna Ilid\u017ea.<\/p><p>\u0160tampanje ove publikacije je pomogla Op\u0161tina Isto\u010dna Ilid\u017ea, a izdava\u010d je Udru\u017eenje guslara i epskih pjesnika RS &#8211; 2013.<\/p><p>&#8211; Knjiga sadr\u017ei pri\u010de vi\u0161e autora na temu egzodusa sarajevskih Srba i predstavlja va\u017eno svjedo\u010danstvo o stra\u0161nom, istorijskom trenutku koji je zadesio Srbe u Sarajevu. Na promociji \u0107e govoriti prof. dr Sa\u0161a Kne\u017eevi\u0107, Branko Pjevi\u0107 i prof. dr Darko \u0110ogo \u2013 poru\u010dili su iz op\u0161tine Isto\u010dna Ilid\u017ea.<\/p>\t\t\t\t\t\t\t\t<\/div>\n\t\t\t\t<\/div>\n\t\t\t\t\t<\/div>\n\t\t\t\t<\/div>\n\t\t<div class=\"elementor-element elementor-element-8640e4d e-flex e-con-boxed e-con e-parent\" data-id=\"8640e4d\" data-element_type=\"container\">\n\t\t\t\t\t<div class=\"e-con-inner\">\n\t\t\t\t<div class=\"elementor-element elementor-element-78e55d3 elementor-widget elementor-widget-text-editor\" data-id=\"78e55d3\" data-element_type=\"widget\" data-widget_type=\"text-editor.default\">\n\t\t\t\t<div class=\"elementor-widget-container\">\n\t\t\t\t\t\t\t\t\t<p>Izvor i foto: KATERA<\/p>\t\t\t\t\t\t\t\t<\/div>\n\t\t\t\t<\/div>\n\t\t\t\t\t<\/div>\n\t\t\t\t<\/div>\n\t\t\t\t<\/div>\n\t\t","protected":false},"excerpt":{"rendered":"<p>Promocija knjige \u201eReci \u0107a\u0107i da tra\u017ei kamion\u201c odr\u017ea\u0107e se u \u010detvrtak, 14. marta, u 18.00 \u010dasova u sali op\u0161tine Isto\u010dna Ilid\u017ea. \u0160tampanje ove publikacije je pomogla Op\u0161tina Isto\u010dna Ilid\u017ea, a izdava\u010d je Udru\u017eenje guslara i epskih pjesnika RS &#8211; 2013. &#8211; Knjiga sadr\u017ei pri\u010de vi\u0161e autora na temu egzodusa sarajevskih Srba i predstavlja va\u017eno svjedo\u010danstvo [&hellip;]<\/p>\n","protected":false},"author":1,"featured_media":4181,"comment_status":"closed","ping_status":"closed","sticky":false,"template":"","format":"standard","meta":{"footnotes":""},"categories":[104],"tags":[],"class_list":["post-4180","post","type-post","status-publish","format-standard","has-post-thumbnail","hentry","category-knjizevnost-novosti"],"aioseo_notices":[],"_links":{"self":[{"href":"https:\/\/javnost.rs\/index.php?rest_route=\/wp\/v2\/posts\/4180","targetHints":{"allow":["GET"]}}],"collection":[{"href":"https:\/\/javnost.rs\/index.php?rest_route=\/wp\/v2\/posts"}],"about":[{"href":"https:\/\/javnost.rs\/index.php?rest_route=\/wp\/v2\/types\/post"}],"author":[{"embeddable":true,"href":"https:\/\/javnost.rs\/index.php?rest_route=\/wp\/v2\/users\/1"}],"replies":[{"embeddable":true,"href":"https:\/\/javnost.rs\/index.php?rest_route=%2Fwp%2Fv2%2Fcomments&post=4180"}],"version-history":[{"count":4,"href":"https:\/\/javnost.rs\/index.php?rest_route=\/wp\/v2\/posts\/4180\/revisions"}],"predecessor-version":[{"id":4185,"href":"https:\/\/javnost.rs\/index.php?rest_route=\/wp\/v2\/posts\/4180\/revisions\/4185"}],"wp:featuredmedia":[{"embeddable":true,"href":"https:\/\/javnost.rs\/index.php?rest_route=\/wp\/v2\/media\/4181"}],"wp:attachment":[{"href":"https:\/\/javnost.rs\/index.php?rest_route=%2Fwp%2Fv2%2Fmedia&parent=4180"}],"wp:term":[{"taxonomy":"category","embeddable":true,"href":"https:\/\/javnost.rs\/index.php?rest_route=%2Fwp%2Fv2%2Fcategories&post=4180"},{"taxonomy":"post_tag","embeddable":true,"href":"https:\/\/javnost.rs\/index.php?rest_route=%2Fwp%2Fv2%2Ftags&post=4180"}],"curies":[{"name":"wp","href":"https:\/\/api.w.org\/{rel}","templated":true}]}}