{"id":4108,"date":"2024-03-11T12:57:18","date_gmt":"2024-03-11T11:57:18","guid":{"rendered":"https:\/\/javnost.rs\/?p=4108"},"modified":"2024-03-11T12:59:22","modified_gmt":"2024-03-11T11:59:22","slug":"najveca-nagrada-za-fotografiju-otisla-upravo-njoj-jedinstven-prikaz-britanskog-kolonijalizma-odusevio-struku","status":"publish","type":"post","link":"https:\/\/javnost.rs\/?p=4108","title":{"rendered":"Najve\u0107a nagrada za fotografiju oti\u0161la upravo njoj: Jedinstven prikaz britanskog kolonijalizma odu\u0161evio struku"},"content":{"rendered":"\t\t<div data-elementor-type=\"wp-post\" data-elementor-id=\"4108\" class=\"elementor elementor-4108\">\n\t\t\t\t<div class=\"elementor-element elementor-element-d920455 e-flex e-con-boxed e-con e-parent\" data-id=\"d920455\" data-element_type=\"container\">\n\t\t\t\t\t<div class=\"e-con-inner\">\n\t\t\t\t<div class=\"elementor-element elementor-element-97248b9 elementor-widget elementor-widget-text-editor\" data-id=\"97248b9\" data-element_type=\"widget\" data-widget_type=\"text-editor.default\">\n\t\t\t\t<div class=\"elementor-widget-container\">\n\t\t\t\t\t\t\t\t\t<p>Ingrid Polard, priznata fotografkinja povezana sa britanskim pokretom crna\u010dke umetnosti iz 1980-ih, osvojila je Haselblad nagradu, najve\u0107u svetsku nagradu za fotografiju, i time dobila nov\u010danu nagradu od vi\u0161e od 196.000 dolara.<\/p><p>Pored novca, Polard je osvojila i priliku da izla\u017ee u Haselblad centru u Geteborgu, \u0160vedska, i srodnu publikaciju. Izlo\u017eba \u0107e biti otvorena 11. oktobra.<\/p><p>Ro\u0111ena u Gvajani i sa sedi\u0161tem u Britaniji, Polard je poznata po fotografijama koje povla\u010de veze izme\u0111u britanskih pejza\u017ea i crnaca koji su u njima pozirali. Ovim slikama, Polardova izvla\u010di oblike istorije crnaca u Britaniji koji nisu uvek odmah vidljivi \u2013 oblik istra\u017eivanja koji je nastavila u fotografiji i drugim \u017eanrovima.<\/p>\t\t\t\t\t\t\t\t<\/div>\n\t\t\t\t<\/div>\n\t\t\t\t\t<\/div>\n\t\t\t\t<\/div>\n\t\t<div class=\"elementor-element elementor-element-10b694d e-flex e-con-boxed e-con e-parent\" data-id=\"10b694d\" data-element_type=\"container\">\n\t\t\t\t\t<div class=\"e-con-inner\">\n\t\t\t\t<div class=\"elementor-element elementor-element-b88bc88 elementor-widget elementor-widget-image\" data-id=\"b88bc88\" data-element_type=\"widget\" data-widget_type=\"image.default\">\n\t\t\t\t<div class=\"elementor-widget-container\">\n\t\t\t\t\t\t\t\t\t\t\t\t\t\t\t<img fetchpriority=\"high\" decoding=\"async\" width=\"640\" height=\"427\" src=\"https:\/\/javnost.rs\/wp-content\/uploads\/2024\/03\/ingridpolard2-1024x683.webp\" class=\"attachment-large size-large wp-image-4111\" alt=\"\" srcset=\"https:\/\/javnost.rs\/wp-content\/uploads\/2024\/03\/ingridpolard2-1024x683.webp 1024w, https:\/\/javnost.rs\/wp-content\/uploads\/2024\/03\/ingridpolard2-300x200.webp 300w, https:\/\/javnost.rs\/wp-content\/uploads\/2024\/03\/ingridpolard2-768x512.webp 768w, https:\/\/javnost.rs\/wp-content\/uploads\/2024\/03\/ingridpolard2.webp 1200w\" sizes=\"(max-width: 640px) 100vw, 640px\" \/>\t\t\t\t\t\t\t\t\t\t\t\t\t\t\t<\/div>\n\t\t\t\t<\/div>\n\t\t\t\t\t<\/div>\n\t\t\t\t<\/div>\n\t\t<div class=\"elementor-element elementor-element-28f4c2c e-flex e-con-boxed e-con e-parent\" data-id=\"28f4c2c\" data-element_type=\"container\">\n\t\t\t\t\t<div class=\"e-con-inner\">\n\t\t\t\t<div class=\"elementor-element elementor-element-73268ea elementor-widget elementor-widget-text-editor\" data-id=\"73268ea\" data-element_type=\"widget\" data-widget_type=\"text-editor.default\">\n\t\t\t\t<div class=\"elementor-widget-container\">\n\t\t\t\t\t\t\t\t\t<p>&#8222;Mnogo mojih radova ima za cilj da otvori ideju o tome kako mi mislimo da Engleska izgleda&#8220;, rekla je za Art in America 2023. godine, dodaju\u0107i: &#8222;Pejza\u017ei, afri\u010dka figura, ideja britanstva, oni su samo konstrukcije, na to se svodi.&#8220;<\/p><p>Nominovana je za Tarnerovu nagradu 2022. godine, a trenutno ima izlo\u017ebu u Belsi holu, zamku u Nortamberlendu, gde izla\u017ee skulpture od prirodnih materijala.<\/p><p>&#8222;Ona se dosledno bavila kolonijalnom istorijom i kako ona nastavlja da uti\u010de na dru\u0161tvo, kako u njenoj umetni\u010dkoj praksi, tako i kao edukator u fotografiji. Ingrid Polard ima dubok uticaj na mla\u0111e generacije umetnika i mislilaca&#8220;, objasnio je \u017eiri Haselblad nagrade, navodi\u00a0<a id=\"2c581d2d-2d17-409f-bc19-e6e3c2c178aa\" href=\"https:\/\/www.artnews.com\/art-news\/news\/ingrid-pollard-hasselblad-award-1234699295\/\">Artnews<\/a>.<\/p>\t\t\t\t\t\t\t\t<\/div>\n\t\t\t\t<\/div>\n\t\t\t\t\t<\/div>\n\t\t\t\t<\/div>\n\t\t<div class=\"elementor-element elementor-element-704f809 e-flex e-con-boxed e-con e-parent\" data-id=\"704f809\" data-element_type=\"container\">\n\t\t\t\t\t<div class=\"e-con-inner\">\n\t\t\t\t<div class=\"elementor-element elementor-element-d08d281 elementor-widget elementor-widget-text-editor\" data-id=\"d08d281\" data-element_type=\"widget\" data-widget_type=\"text-editor.default\">\n\t\t\t\t<div class=\"elementor-widget-container\">\n\t\t\t\t\t\t\t\t\t<p>Izvor i foto: BLIC<\/p>\t\t\t\t\t\t\t\t<\/div>\n\t\t\t\t<\/div>\n\t\t\t\t\t<\/div>\n\t\t\t\t<\/div>\n\t\t\t\t<\/div>\n\t\t","protected":false},"excerpt":{"rendered":"<p>Ingrid Polard, priznata fotografkinja povezana sa britanskim pokretom crna\u010dke umetnosti iz 1980-ih, osvojila je Haselblad nagradu, najve\u0107u svetsku nagradu za fotografiju, i time dobila nov\u010danu nagradu od vi\u0161e od 196.000 dolara. Pored novca, Polard je osvojila i priliku da izla\u017ee u Haselblad centru u Geteborgu, \u0160vedska, i srodnu publikaciju. Izlo\u017eba \u0107e biti otvorena 11. oktobra. [&hellip;]<\/p>\n","protected":false},"author":1,"featured_media":4109,"comment_status":"closed","ping_status":"closed","sticky":false,"template":"","format":"standard","meta":{"footnotes":""},"categories":[80],"tags":[],"class_list":["post-4108","post","type-post","status-publish","format-standard","has-post-thumbnail","hentry","category-fotografija"],"aioseo_notices":[],"_links":{"self":[{"href":"https:\/\/javnost.rs\/index.php?rest_route=\/wp\/v2\/posts\/4108","targetHints":{"allow":["GET"]}}],"collection":[{"href":"https:\/\/javnost.rs\/index.php?rest_route=\/wp\/v2\/posts"}],"about":[{"href":"https:\/\/javnost.rs\/index.php?rest_route=\/wp\/v2\/types\/post"}],"author":[{"embeddable":true,"href":"https:\/\/javnost.rs\/index.php?rest_route=\/wp\/v2\/users\/1"}],"replies":[{"embeddable":true,"href":"https:\/\/javnost.rs\/index.php?rest_route=%2Fwp%2Fv2%2Fcomments&post=4108"}],"version-history":[{"count":4,"href":"https:\/\/javnost.rs\/index.php?rest_route=\/wp\/v2\/posts\/4108\/revisions"}],"predecessor-version":[{"id":4114,"href":"https:\/\/javnost.rs\/index.php?rest_route=\/wp\/v2\/posts\/4108\/revisions\/4114"}],"wp:featuredmedia":[{"embeddable":true,"href":"https:\/\/javnost.rs\/index.php?rest_route=\/wp\/v2\/media\/4109"}],"wp:attachment":[{"href":"https:\/\/javnost.rs\/index.php?rest_route=%2Fwp%2Fv2%2Fmedia&parent=4108"}],"wp:term":[{"taxonomy":"category","embeddable":true,"href":"https:\/\/javnost.rs\/index.php?rest_route=%2Fwp%2Fv2%2Fcategories&post=4108"},{"taxonomy":"post_tag","embeddable":true,"href":"https:\/\/javnost.rs\/index.php?rest_route=%2Fwp%2Fv2%2Ftags&post=4108"}],"curies":[{"name":"wp","href":"https:\/\/api.w.org\/{rel}","templated":true}]}}