{"id":4090,"date":"2024-03-11T12:47:23","date_gmt":"2024-03-11T11:47:23","guid":{"rendered":"https:\/\/javnost.rs\/?p=4090"},"modified":"2024-03-11T12:48:22","modified_gmt":"2024-03-11T11:48:22","slug":"nova-knjiga-erlenda-lua","status":"publish","type":"post","link":"https:\/\/javnost.rs\/?p=4090","title":{"rendered":"Nova knjiga Erlenda Lua"},"content":{"rendered":"\t\t<div data-elementor-type=\"wp-post\" data-elementor-id=\"4090\" class=\"elementor elementor-4090\">\n\t\t\t\t<div class=\"elementor-element elementor-element-ddedaee e-flex e-con-boxed e-con e-parent\" data-id=\"ddedaee\" data-element_type=\"container\">\n\t\t\t\t\t<div class=\"e-con-inner\">\n\t\t\t\t<div class=\"elementor-element elementor-element-9947a5e elementor-widget elementor-widget-text-editor\" data-id=\"9947a5e\" data-element_type=\"widget\" data-widget_type=\"text-editor.default\">\n\t\t\t\t<div class=\"elementor-widget-container\">\n\t\t\t\t\t\t\t\t\t<p>Izdava\u010dka ku\u0107a Geopoetika je upravo objavila novu knjigu norve\u0161kog knji\u017eevnog superstara Erlenda Lua \u201ePregovori sa stvarno\u0161\u0107u\/ Godinu dana na jednom to\u010dku\u201d. Prvi put \u201eGeopoetika\u201d objavljuje knjigu Erlenda Lua koja nije roman. Ovo je li\u010dni i o\u010daravaju\u0107i esej o biciklizmu, preciznije vo\u017enji unicikla, koju i \u010ditaoci i kriti\u010dari porede sa hit-knjigom \u00a0\u201eO \u010demu govorim kada govorim o tr\u010danju\u201d Harukija Murakamija. Knjigu je s norve\u0161kog preveo Rado\u0161 Kosovi\u0107.<\/p><p>Jednogodi\u0161nja odiseja na jednom to\u010dku ispra\u0107ena je entuzijazmom i o\u0161trim okom Erlenda Lua, a ispisana je zabavna i lucidna knjiga prevashodno o prirodi, ali i o utisku lebdenja, padanju, lomljenju prstiju i ve\u0161tini ostajanja na sedi\u0161tu, u vo\u017enji na samo jednom to\u010dku. Po svakom vremenu, u svako godi\u0161nje doba. Autor povremeno pomi\u0161lja da je to \u0161to prelazi \u010detrdeset milja mese\u010dno zapravo vrsta bega od sveta, ali i bega ka dozi adrenalina i svega dobrog \u0161to uz to ide, zbog \u010dega svet mo\u017eda ne postaje bolji, ali autor postaje bolji deo tog sveta.<\/p><p>\u201ePrvo sam se vozio na \u010detiri to\u010dka. Pa na tri. Potom dugo na dva. Sada se vozim na jednom. U toku je proces redukcije. Na kraju, za nekoliko godina, ne\u0107u imati nijedan to\u010dak. I posta\u0107u zemlja po kojoj sam celog \u017eivota toliko voleo da okre\u0107em pedale\u201d, glasi po\u010detak ove knjige.<\/p>\t\t\t\t\t\t\t\t<\/div>\n\t\t\t\t<\/div>\n\t\t\t\t\t<\/div>\n\t\t\t\t<\/div>\n\t\t<div class=\"elementor-element elementor-element-36bb9b4 e-flex e-con-boxed e-con e-parent\" data-id=\"36bb9b4\" data-element_type=\"container\">\n\t\t\t\t\t<div class=\"e-con-inner\">\n\t\t\t\t<div class=\"elementor-element elementor-element-d1cc406 elementor-widget elementor-widget-text-editor\" data-id=\"d1cc406\" data-element_type=\"widget\" data-widget_type=\"text-editor.default\">\n\t\t\t\t<div class=\"elementor-widget-container\">\n\t\t\t\t\t\t\t\t\t<p>Izvor i foto: POLITIKA<\/p>\t\t\t\t\t\t\t\t<\/div>\n\t\t\t\t<\/div>\n\t\t\t\t\t<\/div>\n\t\t\t\t<\/div>\n\t\t\t\t<\/div>\n\t\t","protected":false},"excerpt":{"rendered":"<p>Izdava\u010dka ku\u0107a Geopoetika je upravo objavila novu knjigu norve\u0161kog knji\u017eevnog superstara Erlenda Lua \u201ePregovori sa stvarno\u0161\u0107u\/ Godinu dana na jednom to\u010dku\u201d. Prvi put \u201eGeopoetika\u201d objavljuje knjigu Erlenda Lua koja nije roman. Ovo je li\u010dni i o\u010daravaju\u0107i esej o biciklizmu, preciznije vo\u017enji unicikla, koju i \u010ditaoci i kriti\u010dari porede sa hit-knjigom \u00a0\u201eO \u010demu govorim kada govorim [&hellip;]<\/p>\n","protected":false},"author":1,"featured_media":4091,"comment_status":"closed","ping_status":"closed","sticky":false,"template":"","format":"standard","meta":{"footnotes":""},"categories":[104],"tags":[],"class_list":["post-4090","post","type-post","status-publish","format-standard","has-post-thumbnail","hentry","category-knjizevnost-novosti"],"aioseo_notices":[],"_links":{"self":[{"href":"https:\/\/javnost.rs\/index.php?rest_route=\/wp\/v2\/posts\/4090","targetHints":{"allow":["GET"]}}],"collection":[{"href":"https:\/\/javnost.rs\/index.php?rest_route=\/wp\/v2\/posts"}],"about":[{"href":"https:\/\/javnost.rs\/index.php?rest_route=\/wp\/v2\/types\/post"}],"author":[{"embeddable":true,"href":"https:\/\/javnost.rs\/index.php?rest_route=\/wp\/v2\/users\/1"}],"replies":[{"embeddable":true,"href":"https:\/\/javnost.rs\/index.php?rest_route=%2Fwp%2Fv2%2Fcomments&post=4090"}],"version-history":[{"count":4,"href":"https:\/\/javnost.rs\/index.php?rest_route=\/wp\/v2\/posts\/4090\/revisions"}],"predecessor-version":[{"id":4095,"href":"https:\/\/javnost.rs\/index.php?rest_route=\/wp\/v2\/posts\/4090\/revisions\/4095"}],"wp:featuredmedia":[{"embeddable":true,"href":"https:\/\/javnost.rs\/index.php?rest_route=\/wp\/v2\/media\/4091"}],"wp:attachment":[{"href":"https:\/\/javnost.rs\/index.php?rest_route=%2Fwp%2Fv2%2Fmedia&parent=4090"}],"wp:term":[{"taxonomy":"category","embeddable":true,"href":"https:\/\/javnost.rs\/index.php?rest_route=%2Fwp%2Fv2%2Fcategories&post=4090"},{"taxonomy":"post_tag","embeddable":true,"href":"https:\/\/javnost.rs\/index.php?rest_route=%2Fwp%2Fv2%2Ftags&post=4090"}],"curies":[{"name":"wp","href":"https:\/\/api.w.org\/{rel}","templated":true}]}}