{"id":4075,"date":"2024-03-11T12:39:21","date_gmt":"2024-03-11T11:39:21","guid":{"rendered":"https:\/\/javnost.rs\/?p=4075"},"modified":"2024-03-11T12:42:15","modified_gmt":"2024-03-11T11:42:15","slug":"marko-pajic-dobitnik-nagrade-vladimir-bulatovic-vib","status":"publish","type":"post","link":"https:\/\/javnost.rs\/?p=4075","title":{"rendered":"Marko Paji\u0107 dobitnik Nagrade \u201eVladimir Bulatovi\u0107 Vib\u201d"},"content":{"rendered":"\t\t<div data-elementor-type=\"wp-post\" data-elementor-id=\"4075\" class=\"elementor elementor-4075\">\n\t\t\t\t<div class=\"elementor-element elementor-element-87d609d e-flex e-con-boxed e-con e-parent\" data-id=\"87d609d\" data-element_type=\"container\">\n\t\t\t\t\t<div class=\"e-con-inner\">\n\t\t\t\t<div class=\"elementor-element elementor-element-c66ed25 elementor-widget elementor-widget-text-editor\" data-id=\"c66ed25\" data-element_type=\"widget\" data-widget_type=\"text-editor.default\">\n\t\t\t\t<div class=\"elementor-widget-container\">\n\t\t\t\t\t\t\t\t\t<p>Vladimir Bulatovi\u0107 Vib, kao ikona satire, izabrao je da bude ro\u0111en ba\u0161 8. marta na Dan \u017eena i na taj poseban dan \u201ePolitika\u201d tradicionalno dodeljuje svoje priznanje za satiru mladim autorima do 35 godina, sa njegovim imenom, a ovog 29. puta Nagradu \u201eVladimir Bulatovi\u0107 Vib\u201d je od v. d. urednika lista \u201ePolitika\u201d Marka Albunovi\u0107a primio Marko Paji\u0107, aforisti\u010dar, pesnik i profesor. Ovu odluku jednoglasno je doneo \u017eiri u sastavu: Dragutin Mini\u0107 Karlo, urednik Politikinog \u201eSatirikona\u201d, satiri\u010dar Aleksandar \u010cotri\u0107, Aleksandar Apostolovski, kolumnista i urednik \u201ePolitike\u201d, Vitomir Teofilovi\u0107, knji\u017eevnik i knji\u017eevni kriti\u010dar, kao i prethodni dobitnik Vibove nagrade Jovan Zafirovi\u0107.<\/p><p>Marko Paji\u0107 ro\u0111en je u Kraljevu, odrastao je u Vrnja\u010dkoj Banji, a sada \u017eivi i radi u Valjevu. Po profesiji je agronom, zvanje mastera in\u017eenjera poljoprivrede stekao je na Poljoprivrednom fakultetu Univerziteta u Beogradu, a od 2015. godine radi kao profesor u Poljoprivrednoj \u0161koli u Valjevu. Od srednjo\u0161kolskih dana pi\u0161e poeziju, a aforizme objavljuje u \u201ePolitici\u201d, \u201eNovostima\u201d, \u201eRazbibrizi\u201d, \u201eEnigmatici\u201d i u drugim listovima i na portalima.<\/p><p>Po mi\u0161ljenju \u017eirija, Paji\u0107 se uspe\u0161no pridr\u017eava legendarnog saveta Karla Krausa: \u201eOnaj ko zna da pi\u0161e aforizme ne treba da tro\u0161i svoje vreme pi\u0161u\u0107i eseje\u201d, kao i konstatacije slavnog austrijskog aforisti\u010dara, majstora kratkog iskaza: \u201ePostoje pisci sposobni da na dvadeset stranica napi\u0161u ono za \u0161ta su meni potrebna cela dva reda\u201d.<\/p><p>\u2013 Paji\u0107 je, tako\u0111e, autor koji pi\u0161e jezgrovito, nastoje\u0107i da \u0161to vi\u0161e ka\u017ee sa \u0161to manje re\u010di: \u201eTelevizijski ekran su\u017eava pogled na svet\u201d, \u201eKukolj posluje ispod \u017eita\u201d, \u201eKurta i Murta su srpski jaha\u010di apokalipse\u201d, \u201eUrbana d\u017eungla ima mnogo vi\u0161e majmuna\u201d. Na\u0161 laureat na duhovit na\u010din pi\u0161e o neveselim pojavama i mudrim mislima kritikuje nepametne poteze protagonista javnog \u017eivota. Humorno-satiri\u010dna i groteskna projekcija na\u0161e stvarnosti u Paji\u0107evim aforizmima nalazi svoj odgovaraju\u0107i i uverljiv izraz. Autor se ve\u0161to poigrava svakodnevnim \u017eivotnim temama, razlistav\u0161i ih u poruke univerzalnog zna\u010denja. On pi\u0161e aforizme neodoljive duhovitosti, neo\u010dekivanih obrta i dubokih prodora u iluzije i prevare na\u0161eg doba. Njegovi kratki i vi\u0161ezna\u010dni zapisi lucidno, slikovito i re\u010dito tuma\u010de svakodnevicu koja je katkad fantasti\u010dnija od same literature \u2013 istakao je Aleksandar \u010cotri\u0107.<\/p><p>Zahvaliv\u0161i se na uglednom priznanju, nagra\u0111eni Paji\u0107 je najavio i knjigu aforizama, do kraja godine, a pro\u010ditao je i svoje odabrane aforizme: \u201eBliskost u Srbiji podrazumeva psovanje majke bez posledica\u201d, \u201eVre\u0111aju nam inteligenciju, odatle toliki odliv mozgova\u201d, \u201e\u017duta \u0161tampa je predsoblje crne hronike\u201d, \u201ePokazali smo im zube, osmehnuli smo se\u201d, \u201ePoliti\u010dari vole da sagledaju istinu sa raznih strana, zato je \u010desto izvr\u0107u\u201d, \u201eKada ljudi imaju veliki otpor prema pregovorima, njihove glave postaju usijane\u201d, \u201eU znak mira, svetski lideri pustili su po goluba\u201d, \u201eNije mogao direktno do srca rukovodioca, pa je poku\u0161ao na zadnji ulaz\u201d, \u201ePa \u0161ta ako vam gori pod nogama, bar vam nije hladno\u201d, \u201eU\u010denici na telefonima, nastavnici na aparatima\u201d.<\/p><p>Uo\u010di slede\u0107e godine, kada \u0107e biti dodeljena trideseta Vibova nagrada i kada \u0107e, kao i svake pete godine, biti nagra\u0111en stariji satiri\u010dar za \u017eivotno delo, Aleksandar \u010cotri\u0107 napravio je i kra\u0107u analizu \u201estanja u satiri\u201d:<\/p><p>\u2013 S obzirom na to da je veliki srpski satiri\u010dar Vladimir Bulatovi\u0107 Vib ro\u0111en na dana\u0161nji dan 1931. godine u mestu Sopotsko u Makedoniji, a da je preminuo u Beogradu, pre trideset godina, 1994. godine, prime\u0107ujemo da je dana\u0161nji laureat tada imao samo \u010detiri godine. \u017delim da istaknem da su u naju\u017eem izboru za ovogodi\u0161nje priznanje bili i Radojka Dragani\u0107 iz Nik\u0161i\u0107a i Uro\u0161 Pape\u0161 iz Kragujevca. Ohrabruje saznanje da svake godine u konkurenciji bude vi\u0161e mladih stvaralaca ove knji\u017eevne forme, kako iz na\u0161e zemlje, tako i iz regiona, pa bih podsetio na to da su me\u0111u prethodnim dobitnicima bili autori iz Srbije, i to iz Beograda, Kragujevca, Kru\u0161evca, Smedereva, U\u017eica, Prokuplja, Novog Sada, Sremske Mitrovice, Vladi\u010dinog Hana, Loznice, Sombora i Donjeg Korminjana kod Kosovske Kamenice, te iz Bosne i Hercegovine, Crne Gore i Rumunije \u2013 istakao je \u010cotri\u0107.<\/p><p>Kao prire\u0111iva\u010d Antologije bugarskog aforizma i poznavalac tamo\u0161njih prilika u satiri, \u010cotri\u0107 je tako\u0111e primetio da ne mogu svi da se podi\u010de mladim satiri\u010darima, pa je izneo podatak da je najmla\u0111i bugarski aforisti\u010dar u toj antologiji imao pedeset godina, dok u Antologiji nema\u010dkog aforizma, koja \u0107e uskoro biti objavljena, najmla\u0111i aforisti\u010dar ima \u010dak 62 godine.<\/p><p>\u2013 Siguran sam da tome \u0161to imamo toliko mladih autora doprinosi i ovo priznanje, kao i \u010dinjenica da \u201ePolitika\u201d ima rubriku \u201eSatirikon\u201d, u kojoj na\u0161i mladi satiri\u010dari imaju priliku da objavljuju svoje radove \u2013 dodao je \u010cotri\u0107.<\/p><p>On je podsetio i na to da je prvi dobitnik \u201eVibove nagrade\u201d za 1994, koja mu je uru\u010dena 1995, bio Goran Ga\u0107e\u0161a, a setio se i tri dobitnika koja vi\u0161e nisu me\u0111u nama: Vladana Soki\u0107a, dobitnika za 1997. godinu, Gorana Dokne, dobitnika za 2003. godinu, i Nenada \u0106orili\u0107a, dobitnika za 2015. godinu.\u00a0<\/p><p>Zatim je Vitomir Teofilovi\u0107 uveli\u010dao ovu sve\u010danost, u prostorijama \u201ePolitike\u201d, pro\u010ditav\u0161i esej posve\u0107en Vladimiru Bulatovi\u0107u Vibu. On nas je napustio pre 30 godina, a njegovi aforizmi \u017eivi su i danas.<\/p><p>\u2013 U Vibovo vreme imali smo pola miliona \u010dinovnika, toliko ih imamo i danas \u2013 rekao je Teofilovi\u0107, citiraju\u0107i Viba: \u201eImamo kadrova za pet dr\u017eava, ali ih na\u0161a dr\u017eava sama izdr\u017eava\u201d. Da li je bolje imati ili nemati ki\u010dmu, zapitao se, pa je opet citirao Viba: \u201ePolo\u017eaj ki\u010dme nije vam najbolji, ali zato su vam ostali polo\u017eaji sjajni\u201d. Da li nam se standard popravio, pitanje je na koje je Vib tako\u0111e imao odgovor: \u201ePotro\u0161nja je velika, ali je grupa koja tro\u0161i mala\u201d. Teofilovi\u0107 je i ovim aforizmima pokazao da je Vib i dalje me\u0111u nama, u pogledu \u201eboljitka\u201d sela: \u201eNjive nam se pru\u017eile do Stokholma, gde god se okrene\u0161 rade na\u0161i seljaci\u201d, i kada je re\u010d o \u201eameri\u010dkom snu\u201d: \u201ePut uvis ima tri faze: najpre si \u010dovek u senci, zatim si \u010dovek sa senkom, najzad si senka od \u010doveka\u201d.<\/p>\t\t\t\t\t\t\t\t<\/div>\n\t\t\t\t<\/div>\n\t\t\t\t\t<\/div>\n\t\t\t\t<\/div>\n\t\t<div class=\"elementor-element elementor-element-879c2f5 e-flex e-con-boxed e-con e-parent\" data-id=\"879c2f5\" data-element_type=\"container\">\n\t\t\t\t\t<div class=\"e-con-inner\">\n\t\t\t\t<div class=\"elementor-element elementor-element-1f26c82 elementor-widget elementor-widget-text-editor\" data-id=\"1f26c82\" data-element_type=\"widget\" data-widget_type=\"text-editor.default\">\n\t\t\t\t<div class=\"elementor-widget-container\">\n\t\t\t\t\t\t\t\t\t<p>Izvor i foto: POLITIKA<\/p>\t\t\t\t\t\t\t\t<\/div>\n\t\t\t\t<\/div>\n\t\t\t\t\t<\/div>\n\t\t\t\t<\/div>\n\t\t\t\t<\/div>\n\t\t","protected":false},"excerpt":{"rendered":"<p>Vladimir Bulatovi\u0107 Vib, kao ikona satire, izabrao je da bude ro\u0111en ba\u0161 8. marta na Dan \u017eena i na taj poseban dan \u201ePolitika\u201d tradicionalno dodeljuje svoje priznanje za satiru mladim autorima do 35 godina, sa njegovim imenom, a ovog 29. puta Nagradu \u201eVladimir Bulatovi\u0107 Vib\u201d je od v. d. urednika lista \u201ePolitika\u201d Marka Albunovi\u0107a primio [&hellip;]<\/p>\n","protected":false},"author":1,"featured_media":4076,"comment_status":"closed","ping_status":"closed","sticky":false,"template":"","format":"standard","meta":{"footnotes":""},"categories":[104],"tags":[],"class_list":["post-4075","post","type-post","status-publish","format-standard","has-post-thumbnail","hentry","category-knjizevnost-novosti"],"aioseo_notices":[],"_links":{"self":[{"href":"https:\/\/javnost.rs\/index.php?rest_route=\/wp\/v2\/posts\/4075","targetHints":{"allow":["GET"]}}],"collection":[{"href":"https:\/\/javnost.rs\/index.php?rest_route=\/wp\/v2\/posts"}],"about":[{"href":"https:\/\/javnost.rs\/index.php?rest_route=\/wp\/v2\/types\/post"}],"author":[{"embeddable":true,"href":"https:\/\/javnost.rs\/index.php?rest_route=\/wp\/v2\/users\/1"}],"replies":[{"embeddable":true,"href":"https:\/\/javnost.rs\/index.php?rest_route=%2Fwp%2Fv2%2Fcomments&post=4075"}],"version-history":[{"count":7,"href":"https:\/\/javnost.rs\/index.php?rest_route=\/wp\/v2\/posts\/4075\/revisions"}],"predecessor-version":[{"id":4083,"href":"https:\/\/javnost.rs\/index.php?rest_route=\/wp\/v2\/posts\/4075\/revisions\/4083"}],"wp:featuredmedia":[{"embeddable":true,"href":"https:\/\/javnost.rs\/index.php?rest_route=\/wp\/v2\/media\/4076"}],"wp:attachment":[{"href":"https:\/\/javnost.rs\/index.php?rest_route=%2Fwp%2Fv2%2Fmedia&parent=4075"}],"wp:term":[{"taxonomy":"category","embeddable":true,"href":"https:\/\/javnost.rs\/index.php?rest_route=%2Fwp%2Fv2%2Fcategories&post=4075"},{"taxonomy":"post_tag","embeddable":true,"href":"https:\/\/javnost.rs\/index.php?rest_route=%2Fwp%2Fv2%2Ftags&post=4075"}],"curies":[{"name":"wp","href":"https:\/\/api.w.org\/{rel}","templated":true}]}}