{"id":4045,"date":"2024-03-11T12:20:10","date_gmt":"2024-03-11T11:20:10","guid":{"rendered":"https:\/\/javnost.rs\/?p=4045"},"modified":"2024-03-15T13:53:20","modified_gmt":"2024-03-15T12:53:20","slug":"akademija-umjetnosti-unibl-masterklas-prof-dr-jorgosa-kordisa-13-marta","status":"publish","type":"post","link":"https:\/\/javnost.rs\/?p=4045","title":{"rendered":"Akademija umjetnosti UNIBL: Masterklas prof. dr Jorgosa Kordisa 13. marta"},"content":{"rendered":"\t\t<div data-elementor-type=\"wp-post\" data-elementor-id=\"4045\" class=\"elementor elementor-4045\">\n\t\t\t\t<div class=\"elementor-element elementor-element-7a260c4 e-flex e-con-boxed e-con e-parent\" data-id=\"7a260c4\" data-element_type=\"container\">\n\t\t\t\t\t<div class=\"e-con-inner\">\n\t\t\t\t<div class=\"elementor-element elementor-element-73c4ba3 elementor-widget elementor-widget-text-editor\" data-id=\"73c4ba3\" data-element_type=\"widget\" data-widget_type=\"text-editor.default\">\n\t\t\t\t<div class=\"elementor-widget-container\">\n\t\t\t\t\t\t\t\t\t<p>BANJALUKA &#8211; Prof. dr Jorgos Kordis odr\u017ea\u0107e masterklas za studente slikarstva i zainteresovanu javnost 13. marta od 10 do 14 \u010dasova u kamernoj sali Akademije umjetnosti Univerziteta u Banjaluci (AU UNIBL).<\/p><div class=\"clearfix bannerTijelo0\">\u00a0<\/div><p>Kako je saop\u0161teno iz AU UNIBL, ovom prilikom posjetioci \u0107e ste\u0107i uvid u njegov jedinstveni, li\u010dni stil slikanja zasnovan na vizantijskom slikarstvu, koji pokazuje uticaj modernizma, nadrealizma i narodne umjetnosti.<\/p><p>&#8222;Istra\u017eivanja prof. Kordisa usmjerena su na teoriju i estetiku vizantijskog slikarstva. Autor je mnogobrojnih monografija i nau\u010dnih \u010dlanaka. Predavao je na Univerzitetu u Atini (2003-2013), dok je kao gostuju\u0107i profesor gostovao na nekoliko univerziteta u inostranstvu, uklju\u010duju\u0107i Jejl Univerzitet i Univerzitet Notr Dam. Oslikavao je crkve u Gr\u010dkoj i inostranstvu. Njegovi radovi izlagani su u galerijama i muzejima \u0161irom svijeta&#8220;, poja\u0161njeno je iz AU UNIBL.<\/p><p>U periodu od 14. marta do 15. maja u Muzeju Republike Srpske bi\u0107e otvorena izlo\u017eba pod nazivom &#8222;Boja kao svjetlost. Savremeno vizantijsko slikarstvo&#8220;, autora prof. dr Kordisa iz Atine, koja se sastoji od 28 vizantijskih ikona i devet digitalnih radova savremenog slikarstva velikih formata.<\/p>\t\t\t\t\t\t\t\t<\/div>\n\t\t\t\t<\/div>\n\t\t\t\t\t<\/div>\n\t\t\t\t<\/div>\n\t\t<div class=\"elementor-element elementor-element-8aa46c0 e-flex e-con-boxed e-con e-parent\" data-id=\"8aa46c0\" data-element_type=\"container\">\n\t\t\t\t\t<div class=\"e-con-inner\">\n\t\t\t\t<div class=\"elementor-element elementor-element-83cade5 elementor-widget elementor-widget-text-editor\" data-id=\"83cade5\" data-element_type=\"widget\" data-widget_type=\"text-editor.default\">\n\t\t\t\t<div class=\"elementor-widget-container\">\n\t\t\t\t\t\t\t\t\t<p>Izvor i foto: NEZAVISNE<\/p>\t\t\t\t\t\t\t\t<\/div>\n\t\t\t\t<\/div>\n\t\t\t\t\t<\/div>\n\t\t\t\t<\/div>\n\t\t\t\t<\/div>\n\t\t","protected":false},"excerpt":{"rendered":"<p>BANJALUKA &#8211; Prof. dr Jorgos Kordis odr\u017ea\u0107e masterklas za studente slikarstva i zainteresovanu javnost 13. marta od 10 do 14 \u010dasova u kamernoj sali Akademije umjetnosti Univerziteta u Banjaluci (AU UNIBL). \u00a0 Kako je saop\u0161teno iz AU UNIBL, ovom prilikom posjetioci \u0107e ste\u0107i uvid u njegov jedinstveni, li\u010dni stil slikanja zasnovan na vizantijskom slikarstvu, koji [&hellip;]<\/p>\n","protected":false},"author":1,"featured_media":4046,"comment_status":"closed","ping_status":"closed","sticky":false,"template":"","format":"standard","meta":{"footnotes":""},"categories":[122],"tags":[],"class_list":["post-4045","post","type-post","status-publish","format-standard","has-post-thumbnail","hentry","category-slikarstvo"],"aioseo_notices":[],"_links":{"self":[{"href":"https:\/\/javnost.rs\/index.php?rest_route=\/wp\/v2\/posts\/4045","targetHints":{"allow":["GET"]}}],"collection":[{"href":"https:\/\/javnost.rs\/index.php?rest_route=\/wp\/v2\/posts"}],"about":[{"href":"https:\/\/javnost.rs\/index.php?rest_route=\/wp\/v2\/types\/post"}],"author":[{"embeddable":true,"href":"https:\/\/javnost.rs\/index.php?rest_route=\/wp\/v2\/users\/1"}],"replies":[{"embeddable":true,"href":"https:\/\/javnost.rs\/index.php?rest_route=%2Fwp%2Fv2%2Fcomments&post=4045"}],"version-history":[{"count":4,"href":"https:\/\/javnost.rs\/index.php?rest_route=\/wp\/v2\/posts\/4045\/revisions"}],"predecessor-version":[{"id":4050,"href":"https:\/\/javnost.rs\/index.php?rest_route=\/wp\/v2\/posts\/4045\/revisions\/4050"}],"wp:featuredmedia":[{"embeddable":true,"href":"https:\/\/javnost.rs\/index.php?rest_route=\/wp\/v2\/media\/4046"}],"wp:attachment":[{"href":"https:\/\/javnost.rs\/index.php?rest_route=%2Fwp%2Fv2%2Fmedia&parent=4045"}],"wp:term":[{"taxonomy":"category","embeddable":true,"href":"https:\/\/javnost.rs\/index.php?rest_route=%2Fwp%2Fv2%2Fcategories&post=4045"},{"taxonomy":"post_tag","embeddable":true,"href":"https:\/\/javnost.rs\/index.php?rest_route=%2Fwp%2Fv2%2Ftags&post=4045"}],"curies":[{"name":"wp","href":"https:\/\/api.w.org\/{rel}","templated":true}]}}