{"id":3973,"date":"2024-03-11T11:32:54","date_gmt":"2024-03-11T10:32:54","guid":{"rendered":"https:\/\/javnost.rs\/?p=3973"},"modified":"2024-03-11T13:40:51","modified_gmt":"2024-03-11T12:40:51","slug":"ko-je-teya-dora-predstavnica-srbije-na-evroviziji","status":"publish","type":"post","link":"https:\/\/javnost.rs\/?p=3973","title":{"rendered":"Ko je Teya Dora, predstavnica Srbije na Evroviziji"},"content":{"rendered":"<p>Pjeva\u010dica Teya Dora (32) predstavlja\u0107e ove godine Srbiju na Evroviziji u Malmeu.<\/p>\n<p>Teodora Pavlovska, kako joj je pravo ime, ro\u0111ena je u Boru, a svoju prvu pjesmu, pod nazivom &#8222;Da na meni je&#8220; je objavila 2018. godine. Pored pjevanja Teodora se bavi i komponovanjem i produkcijom. \u0160iroj javnosti postala je poznata svojom pjesmom \u201eD\u017eanum\u201c koju je izbacila 2023. godine za film &#8222;Ju\u017eni vetar ubrzanje&#8220;.<\/p>\n<p>https:\/\/www.youtube.com\/watch?v=jD97hNDiyvI<\/p>\n<p>Teya Dora je tako\u0111e pisala pjesme i za druge izvo\u0111a\u010de, kao \u0161to su Nikolija, Nata\u0161a Bekvalac, Jovana Nikoli\u0107, Anastasija i Zoi.<\/p>\n<p>Uporedo sa srednjom \u0161kolom u Beogradu je poha\u0111ala i Muzi\u010dku \u0161kolu &#8222;Dr Vojislav Vu\u010dkovi\u0107&#8220; na odsjeku za klavir. Pavlovska je zatim postala stipendista na Muzi\u010dkom koled\u017eu Berkli u Bostonu, gdje je studirala pjevanje.Nakon diplomiranja je jedno vrijeme \u017eivjela u Njujorku, a njen talenat je do izra\u017eaja i \u0161ire publike do\u0161ao u Srbiji.<\/p>\n<p>Na koled\u017eu je bila u generaciji sa \u010carlijem Putom. Pjevala je prate\u0107e vokale za ameri\u010dke izvo\u0111a\u010de, kao \u0161to su dobitnici nagrade \u201eGremi\u201c Peti Ostin, Sidah Geret, D\u017eeri Alen i Valeri Simpson. U Njujorku je pisala pjesme na engleskom jeziku u okviru produkcijske ku\u0107e ARKTK Publishing.<\/p>\n<p>Na muzi\u010dkoj sceni u Srbiji se probila 2018. godine sa pjesmom \u201eNema limita\u201c, koju je uradila za Nikoliju. Pavlovska je zatim nastavila da pi\u0161e pjesme za za druge srpske izvo\u0111a\u010de, poput \u201eDo\u0111i mami\u201c za Nata\u0161u Bekvalac,\u201c Jasno mi je\u201c za Zoi i \u201ePazi se\u201c za Jovanu Nikoli\u0107.<\/p>\n<p>Svoju pjeva\u010dku karijeru je zapo\u010dela singlom \u201eDa na meni je\u201c, koji je objavila jula 2019. godine za izdava\u010dku ku\u0107u Basiviti. U martu 2020. godine, je zatim objavila \u201eOluje\u201c za televizijsu seriju \u201eJu\u017eni vetar\u201c.<\/p>\n<p>https:\/\/www.youtube.com\/watch?v=awT-Apgetp0<\/p>\n<p>Marta 2023. godine je objavila singl \u201eD\u017eanum\u201c za potrebe televizijske serije \u201eJu\u017eni vetar: Na granici\u201c. Pjesma je ostvarila komercijalni uspjeh postav\u0161i viralna na dru\u0161tvenoj mre\u017ei TikTok. Dana 22. maja D\u017eanum je zauzeo \u010detvrto mjesto na globalnoj top-listi najviralnijih pjesama na Spotifaju.Tekst pesme &#8222;D\u017eanum&#8220; preveden je na 189 jezika \u0161irom svijeta, a na \u201eInstagramu\u201c, \u201eFejsbuku\u201c i \u201eTiktoku\u201c napravljeno je vi\u0161e miliona postova uz pjesmu.<\/p>\n<p>Teya Dora je u junu tako\u0111e postala tre\u0107i srpski izvo\u0111a\u010d koji je pre\u0161ao milion mjese\u010dnih slu\u0161alaca na tom striming servisu, a drugo dvoje muzi\u010dara, \u201eKonstrakta\u201c i Luk Blek, su do\u017eivjeli taj uspjeh neposredno nakon u\u010de\u0161\u0107a na \u201ePjesmi Evrovizije\u201c.<\/p>\n<p>Singl se krajem aprila pozicinirao na \u0161estom mestu Bilbordove muzi\u010dke ljestvice u Hrvatskoj.<\/p>\n<p>Teya Dora u nekoliko intervju rekla da joj je uvijek te\u0161ko da pjeva \u201eD\u017eanum\u201c zato \u0161to je pjesma podsje\u0107a na tragi\u010dan gubitak koji je imala u \u017eivotu i zato \u0161to osoba koju je mnogo volela nije bila \u017eiva da se raduje uspjehu ove pjesme.<\/p>\n<p>Poznato je da je prije nekoliko godina ostala bez oca, i da je joj majka Jasna njoj najve\u0107a podr\u0161ka.<\/p>\n<p>Jasna ro\u0111enu Joji\u0107, poznata je u Boru po mnogobrojnim tekstovima o Boru i Timo\u010dkoj krajini koje je godinama objavljivala kao novinar \u201eVe\u010dernjih novosti\u201c, ali i po brojnim etnolo\u0161kim knjigama me\u0111u kojima su i knjige o vla\u0161koj magiji .<\/p>\n<p>Tein otac, Dragan Pavlovski Gandra, prema pisanju lokalnih medija, bio je slikar i grafi\u010dki dizajner koga \u0107e Borani pamtiti ne samo po logotipima koje je uradio za institucije poput Muzeja rudarstva i metalurgije i Muzi\u010dke \u0161kole u Boru, ve\u0107 i po izlo\u017ebama karikatura i sjajnih ilustracija.<\/p>\n<p>Izvor, foto i video: GLAS SRPSKE<\/p>\n","protected":false},"excerpt":{"rendered":"<p>Pjeva\u010dica Teya Dora (32) predstavlja\u0107e ove godine Srbiju na Evroviziji u Malmeu. Teodora Pavlovska, kako joj je pravo ime, ro\u0111ena je u Boru, a svoju prvu pjesmu, pod nazivom &#8222;Da na meni je&#8220; je objavila 2018. godine. Pored pjevanja Teodora se bavi i komponovanjem i produkcijom. \u0160iroj javnosti postala je poznata svojom pjesmom \u201eD\u017eanum\u201c koju [&hellip;]<\/p>\n","protected":false},"author":1,"featured_media":3974,"comment_status":"closed","ping_status":"closed","sticky":false,"template":"","format":"standard","meta":{"footnotes":""},"categories":[76],"tags":[],"class_list":["post-3973","post","type-post","status-publish","format-standard","has-post-thumbnail","hentry","category-muzika"],"aioseo_notices":[],"_links":{"self":[{"href":"https:\/\/javnost.rs\/index.php?rest_route=\/wp\/v2\/posts\/3973","targetHints":{"allow":["GET"]}}],"collection":[{"href":"https:\/\/javnost.rs\/index.php?rest_route=\/wp\/v2\/posts"}],"about":[{"href":"https:\/\/javnost.rs\/index.php?rest_route=\/wp\/v2\/types\/post"}],"author":[{"embeddable":true,"href":"https:\/\/javnost.rs\/index.php?rest_route=\/wp\/v2\/users\/1"}],"replies":[{"embeddable":true,"href":"https:\/\/javnost.rs\/index.php?rest_route=%2Fwp%2Fv2%2Fcomments&post=3973"}],"version-history":[{"count":7,"href":"https:\/\/javnost.rs\/index.php?rest_route=\/wp\/v2\/posts\/3973\/revisions"}],"predecessor-version":[{"id":3986,"href":"https:\/\/javnost.rs\/index.php?rest_route=\/wp\/v2\/posts\/3973\/revisions\/3986"}],"wp:featuredmedia":[{"embeddable":true,"href":"https:\/\/javnost.rs\/index.php?rest_route=\/wp\/v2\/media\/3974"}],"wp:attachment":[{"href":"https:\/\/javnost.rs\/index.php?rest_route=%2Fwp%2Fv2%2Fmedia&parent=3973"}],"wp:term":[{"taxonomy":"category","embeddable":true,"href":"https:\/\/javnost.rs\/index.php?rest_route=%2Fwp%2Fv2%2Fcategories&post=3973"},{"taxonomy":"post_tag","embeddable":true,"href":"https:\/\/javnost.rs\/index.php?rest_route=%2Fwp%2Fv2%2Ftags&post=3973"}],"curies":[{"name":"wp","href":"https:\/\/api.w.org\/{rel}","templated":true}]}}