{"id":3957,"date":"2024-03-11T11:27:16","date_gmt":"2024-03-11T10:27:16","guid":{"rendered":"https:\/\/javnost.rs\/?p=3957"},"modified":"2024-03-11T11:28:12","modified_gmt":"2024-03-11T10:28:12","slug":"pjevac-partibrejkersa-zoran-kostic-cane-objavio-prvu-zbirku-poezije","status":"publish","type":"post","link":"https:\/\/javnost.rs\/?p=3957","title":{"rendered":"Pjeva\u010d Partibrejkersa Zoran Kosti\u0107 Cane objavio prvu zbirku poezije"},"content":{"rendered":"\t\t<div data-elementor-type=\"wp-post\" data-elementor-id=\"3957\" class=\"elementor elementor-3957\">\n\t\t\t\t<div class=\"elementor-element elementor-element-514a833 e-flex e-con-boxed e-con e-parent\" data-id=\"514a833\" data-element_type=\"container\">\n\t\t\t\t\t<div class=\"e-con-inner\">\n\t\t\t\t<div class=\"elementor-element elementor-element-d32869d elementor-widget elementor-widget-text-editor\" data-id=\"d32869d\" data-element_type=\"widget\" data-widget_type=\"text-editor.default\">\n\t\t\t\t<div class=\"elementor-widget-container\">\n\t\t\t\t\t\t\t\t\t<p>BEOGRAD &#8211; Pjeva\u010d rok sastava Partibrejkers Zoran Kosti\u0107 Cane objavio je svoju prvi zbirku poezije \u201cUkr\u0161tene re\u010di\u201d, saoptila je danas izdava\u010dka ku\u0107a Laguna.<\/p><p>\u201cAko \u0107e\u0161 ve\u0107 ovo da \u010dita\u0161, \u017eelim ti da se lepo ose\u0107a\u0161, da oseti\u0161 puno ljubavi i nade. Stvari su takve kakve jesu. Podnesi ih, ispravi se i nastavi dalje\u201d, poru\u010dio je Kosti\u0107.<\/p><p>Laguna je navela da \u0107e \u010ditaoce Kosti\u0107eva zbirka suo\u010diti sa istinom, dr\u017eati ih budnim i ne\u0107e dati da predahnu, a pjesme su ogledalo okrenuto prema njima, \u201cone motivi\u0161u i pokre\u0107u na delanje\u201d.<\/p><p>\u201cJedan \u010dovek, a to mo\u017ee biti svako od nas, beskompromisno sehvata uko\u0161tac sa sudbinom i \u017eivotom, i ne namerava da poklekne. Iako knjiga zabrinjava i rastu\u017euje, ona pre svega pru\u017ea utehu i ohrabruje\u201d, naglasio je izdava\u010d.<\/p>\t\t\t\t\t\t\t\t<\/div>\n\t\t\t\t<\/div>\n\t\t\t\t\t<\/div>\n\t\t\t\t<\/div>\n\t\t<div class=\"elementor-element elementor-element-a39b7c8 e-flex e-con-boxed e-con e-parent\" data-id=\"a39b7c8\" data-element_type=\"container\">\n\t\t\t\t\t<div class=\"e-con-inner\">\n\t\t\t\t<div class=\"elementor-element elementor-element-97543c5 elementor-widget elementor-widget-text-editor\" data-id=\"97543c5\" data-element_type=\"widget\" data-widget_type=\"text-editor.default\">\n\t\t\t\t<div class=\"elementor-widget-container\">\n\t\t\t\t\t\t\t\t\t<p>Izvor i foto: GLAS SRPSKE<\/p>\t\t\t\t\t\t\t\t<\/div>\n\t\t\t\t<\/div>\n\t\t\t\t\t<\/div>\n\t\t\t\t<\/div>\n\t\t\t\t<\/div>\n\t\t","protected":false},"excerpt":{"rendered":"<p>BEOGRAD &#8211; Pjeva\u010d rok sastava Partibrejkers Zoran Kosti\u0107 Cane objavio je svoju prvi zbirku poezije \u201cUkr\u0161tene re\u010di\u201d, saoptila je danas izdava\u010dka ku\u0107a Laguna. \u201cAko \u0107e\u0161 ve\u0107 ovo da \u010dita\u0161, \u017eelim ti da se lepo ose\u0107a\u0161, da oseti\u0161 puno ljubavi i nade. Stvari su takve kakve jesu. Podnesi ih, ispravi se i nastavi dalje\u201d, poru\u010dio je [&hellip;]<\/p>\n","protected":false},"author":1,"featured_media":3958,"comment_status":"closed","ping_status":"closed","sticky":false,"template":"","format":"standard","meta":{"footnotes":""},"categories":[76],"tags":[],"class_list":["post-3957","post","type-post","status-publish","format-standard","has-post-thumbnail","hentry","category-muzika"],"aioseo_notices":[],"_links":{"self":[{"href":"https:\/\/javnost.rs\/index.php?rest_route=\/wp\/v2\/posts\/3957","targetHints":{"allow":["GET"]}}],"collection":[{"href":"https:\/\/javnost.rs\/index.php?rest_route=\/wp\/v2\/posts"}],"about":[{"href":"https:\/\/javnost.rs\/index.php?rest_route=\/wp\/v2\/types\/post"}],"author":[{"embeddable":true,"href":"https:\/\/javnost.rs\/index.php?rest_route=\/wp\/v2\/users\/1"}],"replies":[{"embeddable":true,"href":"https:\/\/javnost.rs\/index.php?rest_route=%2Fwp%2Fv2%2Fcomments&post=3957"}],"version-history":[{"count":4,"href":"https:\/\/javnost.rs\/index.php?rest_route=\/wp\/v2\/posts\/3957\/revisions"}],"predecessor-version":[{"id":3962,"href":"https:\/\/javnost.rs\/index.php?rest_route=\/wp\/v2\/posts\/3957\/revisions\/3962"}],"wp:featuredmedia":[{"embeddable":true,"href":"https:\/\/javnost.rs\/index.php?rest_route=\/wp\/v2\/media\/3958"}],"wp:attachment":[{"href":"https:\/\/javnost.rs\/index.php?rest_route=%2Fwp%2Fv2%2Fmedia&parent=3957"}],"wp:term":[{"taxonomy":"category","embeddable":true,"href":"https:\/\/javnost.rs\/index.php?rest_route=%2Fwp%2Fv2%2Fcategories&post=3957"},{"taxonomy":"post_tag","embeddable":true,"href":"https:\/\/javnost.rs\/index.php?rest_route=%2Fwp%2Fv2%2Ftags&post=3957"}],"curies":[{"name":"wp","href":"https:\/\/api.w.org\/{rel}","templated":true}]}}