{"id":3949,"date":"2024-03-11T11:23:01","date_gmt":"2024-03-11T10:23:01","guid":{"rendered":"https:\/\/javnost.rs\/?p=3949"},"modified":"2024-03-11T11:25:33","modified_gmt":"2024-03-11T10:25:33","slug":"narodno-pozoriste-republike-srpske-i-u-martu-donosi-zanimljiv-repertoar","status":"publish","type":"post","link":"https:\/\/javnost.rs\/?p=3949","title":{"rendered":"Narodno pozori\u0161te Republike Srpske i u martu donosi zanimljiv repertoar"},"content":{"rendered":"\t\t<div data-elementor-type=\"wp-post\" data-elementor-id=\"3949\" class=\"elementor elementor-3949\">\n\t\t\t\t<div class=\"elementor-element elementor-element-c6158f0 e-flex e-con-boxed e-con e-parent\" data-id=\"c6158f0\" data-element_type=\"container\">\n\t\t\t\t\t<div class=\"e-con-inner\">\n\t\t\t\t<div class=\"elementor-element elementor-element-921dac8 elementor-widget elementor-widget-text-editor\" data-id=\"921dac8\" data-element_type=\"widget\" data-widget_type=\"text-editor.default\">\n\t\t\t\t<div class=\"elementor-widget-container\">\n\t\t\t\t\t\t\t\t\t<p>Mart mjesec donosi bogat i raznovrstan repertoar za sve ljubitelje pozori\u0161ta.<\/p><p>Tako je subota, 2. mart u Narodnom pozori\u0161tu Republike Srpske rezervisana za dobro poznat pozori\u0161ni komad \u201eZlo\u010din i kazna&#8220;, dok \u0107e 4. marta svi zaljubljenici u pozori\u0161te mo\u0107i da u\u017eivaju u predstavi \u201eGarsonjera&#8220;.<\/p><p>Na repertoaru Narodnog pozori\u0161ta Republike Srpske 5, 6. i 7. mart rezervisani su za predstave \u201eIzgubljeni u Bruklinu&#8220; i \u201e\u010celi\u010dne magnolije&#8220;.<\/p><p>Na repertoaru se jo\u0161, izme\u0111u ostalih, nalaze i predstave \u201eGospo\u0111ica&#8220;, \u201eHasanaginica&#8220;, \u201eHrka\u010di&#8220; i \u201eStranci u no\u0107i&#8220;.<\/p>\t\t\t\t\t\t\t\t<\/div>\n\t\t\t\t<\/div>\n\t\t\t\t\t<\/div>\n\t\t\t\t<\/div>\n\t\t<div class=\"elementor-element elementor-element-7557c43 e-flex e-con-boxed e-con e-parent\" data-id=\"7557c43\" data-element_type=\"container\">\n\t\t\t\t\t<div class=\"e-con-inner\">\n\t\t\t\t<div class=\"elementor-element elementor-element-ca3bb83 elementor-widget elementor-widget-image\" data-id=\"ca3bb83\" data-element_type=\"widget\" data-widget_type=\"image.default\">\n\t\t\t\t<div class=\"elementor-widget-container\">\n\t\t\t\t\t\t\t\t\t\t\t\t\t\t\t<img fetchpriority=\"high\" decoding=\"async\" width=\"640\" height=\"899\" src=\"https:\/\/javnost.rs\/wp-content\/uploads\/2024\/03\/nprsmart-729x1024.jpg\" class=\"attachment-large size-large wp-image-3952\" alt=\"\" srcset=\"https:\/\/javnost.rs\/wp-content\/uploads\/2024\/03\/nprsmart-729x1024.jpg 729w, https:\/\/javnost.rs\/wp-content\/uploads\/2024\/03\/nprsmart-214x300.jpg 214w, https:\/\/javnost.rs\/wp-content\/uploads\/2024\/03\/nprsmart-768x1078.jpg 768w, https:\/\/javnost.rs\/wp-content\/uploads\/2024\/03\/nprsmart-1094x1536.jpg 1094w, https:\/\/javnost.rs\/wp-content\/uploads\/2024\/03\/nprsmart-1459x2048.jpg 1459w, https:\/\/javnost.rs\/wp-content\/uploads\/2024\/03\/nprsmart-scaled.jpg 1823w\" sizes=\"(max-width: 640px) 100vw, 640px\" \/>\t\t\t\t\t\t\t\t\t\t\t\t\t\t\t<\/div>\n\t\t\t\t<\/div>\n\t\t\t\t\t<\/div>\n\t\t\t\t<\/div>\n\t\t<div class=\"elementor-element elementor-element-e17b7e8 e-flex e-con-boxed e-con e-parent\" data-id=\"e17b7e8\" data-element_type=\"container\">\n\t\t\t\t\t<div class=\"e-con-inner\">\n\t\t\t\t<div class=\"elementor-element elementor-element-9b25493 elementor-widget elementor-widget-text-editor\" data-id=\"9b25493\" data-element_type=\"widget\" data-widget_type=\"text-editor.default\">\n\t\t\t\t<div class=\"elementor-widget-container\">\n\t\t\t\t\t\t\t\t\t<p>Izvor i foto: GLAS SRPSKE<\/p>\t\t\t\t\t\t\t\t<\/div>\n\t\t\t\t<\/div>\n\t\t\t\t\t<\/div>\n\t\t\t\t<\/div>\n\t\t\t\t<\/div>\n\t\t","protected":false},"excerpt":{"rendered":"<p>Mart mjesec donosi bogat i raznovrstan repertoar za sve ljubitelje pozori\u0161ta. Tako je subota, 2. mart u Narodnom pozori\u0161tu Republike Srpske rezervisana za dobro poznat pozori\u0161ni komad \u201eZlo\u010din i kazna&#8220;, dok \u0107e 4. marta svi zaljubljenici u pozori\u0161te mo\u0107i da u\u017eivaju u predstavi \u201eGarsonjera&#8220;. Na repertoaru Narodnog pozori\u0161ta Republike Srpske 5, 6. i 7. mart [&hellip;]<\/p>\n","protected":false},"author":1,"featured_media":3950,"comment_status":"closed","ping_status":"closed","sticky":false,"template":"","format":"standard","meta":{"footnotes":""},"categories":[77],"tags":[],"class_list":["post-3949","post","type-post","status-publish","format-standard","has-post-thumbnail","hentry","category-pozoriste"],"aioseo_notices":[],"_links":{"self":[{"href":"https:\/\/javnost.rs\/index.php?rest_route=\/wp\/v2\/posts\/3949","targetHints":{"allow":["GET"]}}],"collection":[{"href":"https:\/\/javnost.rs\/index.php?rest_route=\/wp\/v2\/posts"}],"about":[{"href":"https:\/\/javnost.rs\/index.php?rest_route=\/wp\/v2\/types\/post"}],"author":[{"embeddable":true,"href":"https:\/\/javnost.rs\/index.php?rest_route=\/wp\/v2\/users\/1"}],"replies":[{"embeddable":true,"href":"https:\/\/javnost.rs\/index.php?rest_route=%2Fwp%2Fv2%2Fcomments&post=3949"}],"version-history":[{"count":4,"href":"https:\/\/javnost.rs\/index.php?rest_route=\/wp\/v2\/posts\/3949\/revisions"}],"predecessor-version":[{"id":3955,"href":"https:\/\/javnost.rs\/index.php?rest_route=\/wp\/v2\/posts\/3949\/revisions\/3955"}],"wp:featuredmedia":[{"embeddable":true,"href":"https:\/\/javnost.rs\/index.php?rest_route=\/wp\/v2\/media\/3950"}],"wp:attachment":[{"href":"https:\/\/javnost.rs\/index.php?rest_route=%2Fwp%2Fv2%2Fmedia&parent=3949"}],"wp:term":[{"taxonomy":"category","embeddable":true,"href":"https:\/\/javnost.rs\/index.php?rest_route=%2Fwp%2Fv2%2Fcategories&post=3949"},{"taxonomy":"post_tag","embeddable":true,"href":"https:\/\/javnost.rs\/index.php?rest_route=%2Fwp%2Fv2%2Ftags&post=3949"}],"curies":[{"name":"wp","href":"https:\/\/api.w.org\/{rel}","templated":true}]}}