{"id":3935,"date":"2024-03-11T10:45:34","date_gmt":"2024-03-11T09:45:34","guid":{"rendered":"https:\/\/javnost.rs\/?p=3935"},"modified":"2024-03-11T10:47:07","modified_gmt":"2024-03-11T09:47:07","slug":"objavljena-zbirka-poslednji-san-pedra-almodovara-fragmenti-zivota-u-pricama","status":"publish","type":"post","link":"https:\/\/javnost.rs\/?p=3935","title":{"rendered":"Objavljena zbirka \u201cPoslednji san\u201d Pedra Almodovara: Fragmenti \u017eivota u pri\u010dama"},"content":{"rendered":"\t\t<div data-elementor-type=\"wp-post\" data-elementor-id=\"3935\" class=\"elementor elementor-3935\">\n\t\t\t\t<div class=\"elementor-element elementor-element-9553dbc e-flex e-con-boxed e-con e-parent\" data-id=\"9553dbc\" data-element_type=\"container\">\n\t\t\t\t\t<div class=\"e-con-inner\">\n\t\t\t\t<div class=\"elementor-element elementor-element-7fbf905 elementor-widget elementor-widget-text-editor\" data-id=\"7fbf905\" data-element_type=\"widget\" data-widget_type=\"text-editor.default\">\n\t\t\t\t<div class=\"elementor-widget-container\">\n\t\t\t\t\t\t\t\t\t<p>BEOGRAD &#8211; Knjiga otkrovenja. \u010citaju\u0107i ove pri\u010de ne zna\u0161 da li si pozvan u njegov um ili u njegovu du\u0161u, zapisao je Raj Loriga, govore\u0107i o knjizi \u0161panskog re\u017eisera Pedra Almodovara \u201cPoslednji san\u201d, koja je prije nekoliko dana objavljena na srpskom jeziku, u izdanju \u201cLagune\u201d.<\/p><p>Djelo je na srpski jezik prevela Ivana Veselinovi\u0107, a kako je sam Almodovar zabilje\u017eio u uvodu, knjiga je ne\u0161to poput fragmentarne autobiografije, koja \u010ditaocu mo\u017ee da pru\u017ei mnogo informacija o njemu kao pripovjeda\u010du i sineasti.<\/p><p>&#8211; Ova zbirka pri\u010da (za mene je sve pri\u010da, ne razlikujem \u017eanrove) ukazuje na usku vezu izme\u0111u onoga \u0161to pi\u0161em, snimam i \u017eivim. Lola Garsija je u mojoj kancelariji, u arhivi, izme\u0111u ostalog \u010duvala i neobjavljene pri\u010de. Lola je moja pomo\u0107nica u ovom, ali i mnogim drugim poslovima. Prepisala je pri\u010de izvla\u010de\u0107i ih iz gomila plavih svezaka koje je spasila iz haosa mnogobrojnih selidbi. Zajedno sa \u017daumom Bonfilom odlu\u010dila je da ih otrgne od zaborava &#8211; naveo je Almodovar u uvodu knjige.<\/p><p>Knjigom je obuhva\u0107en period od \u0161ezdesetih do danas i fragmenti njegovog \u017eivota prikazani su kroz 12 pripovjedaka &#8211; Poseta, Previ\u0161e promena polova, Obred pred ogledalom, Huana, dementna lepotica, Poslednji san, Migelovi \u017eivot i smrt, Ispovesti jednog seks-simbola, Gorki Bo\u017ei\u0107, Zbogom, vulkane, Iskupljenje, Se\u0107anje na dan u kojem se ni\u0161ta nije desilo i Lo\u0161 roman.<\/p><p>&#8211; Svojom blagom i pronicljivom pa\u017enjom Almodovar se u knjizi trudi da ljudske strasti sjedini s nedoku\u010divom logikom \u017eivota pa razmatra celokupni spektar boja na\u0161e du\u0161e: bol, tugu, ljubav, \u010de\u017enju, ushi\u0107enje, nemir, neobuzdan poriv za komuniciranjem i izbezumljenost \u0107utanjem &#8211; zabilje\u017eio je izdava\u010d.<\/p><p>Kako dalje navodi Almodovar, s obzirom na to da se kao sineasta rodio u jeku postmoderne, ideje do kojih je mogao da do\u0111e mogle su da stignu sa bilo koje strane.<\/p><p>&#8211; Svi stilovi i epohe koegzistiraju, nema predrasuda prema \u017eanrovima ni marginalizovanim predgra\u0111ima; isto tako nije bilo tr\u017ei\u0161ta, samo potreba da se \u017eivi i stvara. Idealno okru\u017eenje za stasavanje nekoga kao \u0161to sam ja, nekoga ko je \u017eeleo da osvoji svet. Inspiraciju sam nalazio u dvori\u0161tima La Man\u010de, gde sam proveo prve godine svog \u017eivota ili u mra\u010dnoj sali Rokole, zadr\u017eavaju\u0107i se po potrebi u najopasnijim zonama svog detinjstva, u salezijanskoj \u0161koli-zatvoru. Bile su to burne i \u010dudesne godine, jer je salezijanski u\u017eas imao muzi\u010dku pratnju u vidu misa na latinskom, koje sam i sam izvodio kao solista u horu (Bol i slava) &#8211; istakao je Almodovar.<\/p><p>Iz biografije<\/p><p>Pedro Almodovar je \u0161panski re\u017eiser, producent i scenarista. Me\u0111u filmovima na kojima je radio i zahvaljuju\u0107i kojima je stekao svjetsku slavu su \u201cMatador\u201d (1986), \u201cVisoke potpetice\u201d (1991), \u201cKika\u201d (1993). \u201cSve o mojoj majci\u201d (1998), \u201cLo\u0161e vaspitanje\u201d (2004), \u201cKo\u017ea u kojoj \u017eivim\u201d (2011), \u201cHulijeta\u201d (2016) i drugi.<\/p>\t\t\t\t\t\t\t\t<\/div>\n\t\t\t\t<\/div>\n\t\t\t\t\t<\/div>\n\t\t\t\t<\/div>\n\t\t<div class=\"elementor-element elementor-element-a0e1378 e-flex e-con-boxed e-con e-parent\" data-id=\"a0e1378\" data-element_type=\"container\">\n\t\t\t\t\t<div class=\"e-con-inner\">\n\t\t\t\t<div class=\"elementor-element elementor-element-97d4f27 elementor-widget elementor-widget-text-editor\" data-id=\"97d4f27\" data-element_type=\"widget\" data-widget_type=\"text-editor.default\">\n\t\t\t\t<div class=\"elementor-widget-container\">\n\t\t\t\t\t\t\t\t\t<p>Izvor i foto: GLAS SRPSKE<\/p>\t\t\t\t\t\t\t\t<\/div>\n\t\t\t\t<\/div>\n\t\t\t\t\t<\/div>\n\t\t\t\t<\/div>\n\t\t\t\t<\/div>\n\t\t","protected":false},"excerpt":{"rendered":"<p>BEOGRAD &#8211; Knjiga otkrovenja. \u010citaju\u0107i ove pri\u010de ne zna\u0161 da li si pozvan u njegov um ili u njegovu du\u0161u, zapisao je Raj Loriga, govore\u0107i o knjizi \u0161panskog re\u017eisera Pedra Almodovara \u201cPoslednji san\u201d, koja je prije nekoliko dana objavljena na srpskom jeziku, u izdanju \u201cLagune\u201d. Djelo je na srpski jezik prevela Ivana Veselinovi\u0107, a kako [&hellip;]<\/p>\n","protected":false},"author":1,"featured_media":3936,"comment_status":"closed","ping_status":"closed","sticky":false,"template":"","format":"standard","meta":{"footnotes":""},"categories":[104],"tags":[],"class_list":["post-3935","post","type-post","status-publish","format-standard","has-post-thumbnail","hentry","category-knjizevnost-novosti"],"aioseo_notices":[],"_links":{"self":[{"href":"https:\/\/javnost.rs\/index.php?rest_route=\/wp\/v2\/posts\/3935","targetHints":{"allow":["GET"]}}],"collection":[{"href":"https:\/\/javnost.rs\/index.php?rest_route=\/wp\/v2\/posts"}],"about":[{"href":"https:\/\/javnost.rs\/index.php?rest_route=\/wp\/v2\/types\/post"}],"author":[{"embeddable":true,"href":"https:\/\/javnost.rs\/index.php?rest_route=\/wp\/v2\/users\/1"}],"replies":[{"embeddable":true,"href":"https:\/\/javnost.rs\/index.php?rest_route=%2Fwp%2Fv2%2Fcomments&post=3935"}],"version-history":[{"count":4,"href":"https:\/\/javnost.rs\/index.php?rest_route=\/wp\/v2\/posts\/3935\/revisions"}],"predecessor-version":[{"id":3940,"href":"https:\/\/javnost.rs\/index.php?rest_route=\/wp\/v2\/posts\/3935\/revisions\/3940"}],"wp:featuredmedia":[{"embeddable":true,"href":"https:\/\/javnost.rs\/index.php?rest_route=\/wp\/v2\/media\/3936"}],"wp:attachment":[{"href":"https:\/\/javnost.rs\/index.php?rest_route=%2Fwp%2Fv2%2Fmedia&parent=3935"}],"wp:term":[{"taxonomy":"category","embeddable":true,"href":"https:\/\/javnost.rs\/index.php?rest_route=%2Fwp%2Fv2%2Fcategories&post=3935"},{"taxonomy":"post_tag","embeddable":true,"href":"https:\/\/javnost.rs\/index.php?rest_route=%2Fwp%2Fv2%2Ftags&post=3935"}],"curies":[{"name":"wp","href":"https:\/\/api.w.org\/{rel}","templated":true}]}}