{"id":3923,"date":"2024-03-11T10:39:52","date_gmt":"2024-03-11T09:39:52","guid":{"rendered":"https:\/\/javnost.rs\/?p=3923"},"modified":"2024-03-11T10:40:48","modified_gmt":"2024-03-11T09:40:48","slug":"strucni-skup-hirurga-karcinom-debelog-crijeva-treci-po-ucestalosti-kod-muskaraca-i-zena","status":"publish","type":"post","link":"https:\/\/javnost.rs\/?p=3923","title":{"rendered":"Stru\u010dni skup hirurga: Karcinom debelog crijeva tre\u0107i po u\u010destalosti kod mu\u0161karaca i \u017eena"},"content":{"rendered":"\t\t<div data-elementor-type=\"wp-post\" data-elementor-id=\"3923\" class=\"elementor elementor-3923\">\n\t\t\t\t<div class=\"elementor-element elementor-element-e9520f3 e-flex e-con-boxed e-con e-parent\" data-id=\"e9520f3\" data-element_type=\"container\">\n\t\t\t\t\t<div class=\"e-con-inner\">\n\t\t\t\t<div class=\"elementor-element elementor-element-adf3c85 elementor-widget elementor-widget-text-editor\" data-id=\"adf3c85\" data-element_type=\"widget\" data-widget_type=\"text-editor.default\">\n\t\t\t\t<div class=\"elementor-widget-container\">\n\t\t\t\t\t\t\t\t\t<p><strong>Prevencija i lije\u010denja karcinoma debelog crijeva bili su fokusu stru\u010dnog skupa kolorektalnih hirurga koji je odr\u017ean u Sarajevu.<\/strong><\/p><p>Predstavnici razli\u010ditih medicinskih ustanova u BiH, hirurzi sa zna\u010dajnim iskustvom, iznijeli su trenutne trendove i dostupne metode prevencije ovog oboljenja.<\/p><p>Istaknuto je da prema posljednjim podacima Federalnog zavoda za javno zdravstvo, procenat smrtnosti od karcionoma debelog crijeva iznosi 5,9 posto i nalazi se na tre\u0107em mjestu po u\u010destalosti i kod mu\u0161karaca i kod \u017eena.<\/p><p>Nagla\u0161eno je da je\u00a0jedan od zna\u010dajnih faktora koji doprinosi visokoj smrtnosti od te bolesti \u010dinjenica da je prvi stadij bolesti uglavnom bez simptoma, ili su oni nespecifi\u010dni, pa oboljeli tra\u017ee stru\u010dni savjet i pomo\u0107 tek kada je bolest uznapredovala. Tada lije\u010denje postaje ote\u017eano i neizvjesno, \u0161to smanjuje \u0161anse za izlje\u010denje.<\/p><p>Zbog svega navedenog, neophodno je istac\u0301i zna\u010daj intenziviranja aktivnosti kojima se pa\u017enja usmjerava ne samo na moguc\u0301nost, vec\u0301 i na neophodnost kori\u0161tenja dostupnih mjera prevencije u okviru zdravstvenog sistema kao \u0161to je skrining program raka debelog crijeva.<\/p><p>Skrining omogu\u0107ava ne samo otkrivanje raka debelog crijeva u ranoj fazi, ve\u0107 i otkrivanje po\u010detnih, prekanceroznih promjena, \u010dijim se uklanjanjem sprje\u010dava nastanak raka. Ranim otkrivanjem raka debelog crijeva pove\u0107ava se mogu\u0107nost izlje\u010denja, pobolj\u0161ava kvalitet \u017eivota i produ\u017eava period pre\u017eivljavanja uz istovremeno smanjenje tro\u0161kova lije\u010denja i njege oboljelih.<\/p><p>Stru\u010dnjaci su naglasili va\u017enost multidisciplinarnog pristupa u rje\u0161avanju zdravstvenih pote\u0161ko\u0107a te je nagla\u0161ena saradnja izme\u0111u ljekara porodi\u010dne medicine, onkologa, patologa i javnozdravstvenih stru\u010dnjaka kako bi se osigurala sveobuhvatna skrb, ta\u010dna dijagnoza i u\u010dinkovito lije\u010denje pacijenata.<\/p><p>Na skupu su govorili \u0161ef Odjela op\u0161te i abdominalne hirurgije ASA Bolnice prof.dr. Ned\u017ead Kadri\u0107, direktorica ASA Instituta doc.dr.sci. Daria Ler, dr.med. Mario Gu\u010danin Gazibari\u0107 iz bolnice Dr. Fra Mato Nikoli\u0107, te doc.dr.sci. Anhel Koluh iz Kantonalne bolnice Zenica.<\/p><p>Simpozij kolorektalnih hirurga je tre\u0107i skup stru\u010dnjaka iz razli\u010ditih oblasti medicine koji su organizovali ASA Bolnica i ASA Institut s ciljem skretanja pa\u017enje javnosti i stru\u010dnjaka na potrebu prevencije i ranog otkrivanja razli\u010ditih oboljenja, saop\u0107eno je iz\u00a0ASA Bolnice.<\/p>\t\t\t\t\t\t\t\t<\/div>\n\t\t\t\t<\/div>\n\t\t\t\t\t<\/div>\n\t\t\t\t<\/div>\n\t\t<div class=\"elementor-element elementor-element-121f1e1 e-flex e-con-boxed e-con e-parent\" data-id=\"121f1e1\" data-element_type=\"container\">\n\t\t\t\t\t<div class=\"e-con-inner\">\n\t\t\t\t<div class=\"elementor-element elementor-element-0c8a279 elementor-widget elementor-widget-text-editor\" data-id=\"0c8a279\" data-element_type=\"widget\" data-widget_type=\"text-editor.default\">\n\t\t\t\t<div class=\"elementor-widget-container\">\n\t\t\t\t\t\t\t\t\t<p>Izvor i foto: BHRT<\/p>\t\t\t\t\t\t\t\t<\/div>\n\t\t\t\t<\/div>\n\t\t\t\t\t<\/div>\n\t\t\t\t<\/div>\n\t\t\t\t<\/div>\n\t\t","protected":false},"excerpt":{"rendered":"<p>Prevencija i lije\u010denja karcinoma debelog crijeva bili su fokusu stru\u010dnog skupa kolorektalnih hirurga koji je odr\u017ean u Sarajevu. Predstavnici razli\u010ditih medicinskih ustanova u BiH, hirurzi sa zna\u010dajnim iskustvom, iznijeli su trenutne trendove i dostupne metode prevencije ovog oboljenja. Istaknuto je da prema posljednjim podacima Federalnog zavoda za javno zdravstvo, procenat smrtnosti od karcionoma debelog crijeva [&hellip;]<\/p>\n","protected":false},"author":1,"featured_media":3924,"comment_status":"closed","ping_status":"closed","sticky":false,"template":"","format":"standard","meta":{"footnotes":""},"categories":[105],"tags":[],"class_list":["post-3923","post","type-post","status-publish","format-standard","has-post-thumbnail","hentry","category-105"],"aioseo_notices":[],"_links":{"self":[{"href":"https:\/\/javnost.rs\/index.php?rest_route=\/wp\/v2\/posts\/3923","targetHints":{"allow":["GET"]}}],"collection":[{"href":"https:\/\/javnost.rs\/index.php?rest_route=\/wp\/v2\/posts"}],"about":[{"href":"https:\/\/javnost.rs\/index.php?rest_route=\/wp\/v2\/types\/post"}],"author":[{"embeddable":true,"href":"https:\/\/javnost.rs\/index.php?rest_route=\/wp\/v2\/users\/1"}],"replies":[{"embeddable":true,"href":"https:\/\/javnost.rs\/index.php?rest_route=%2Fwp%2Fv2%2Fcomments&post=3923"}],"version-history":[{"count":4,"href":"https:\/\/javnost.rs\/index.php?rest_route=\/wp\/v2\/posts\/3923\/revisions"}],"predecessor-version":[{"id":3928,"href":"https:\/\/javnost.rs\/index.php?rest_route=\/wp\/v2\/posts\/3923\/revisions\/3928"}],"wp:featuredmedia":[{"embeddable":true,"href":"https:\/\/javnost.rs\/index.php?rest_route=\/wp\/v2\/media\/3924"}],"wp:attachment":[{"href":"https:\/\/javnost.rs\/index.php?rest_route=%2Fwp%2Fv2%2Fmedia&parent=3923"}],"wp:term":[{"taxonomy":"category","embeddable":true,"href":"https:\/\/javnost.rs\/index.php?rest_route=%2Fwp%2Fv2%2Fcategories&post=3923"},{"taxonomy":"post_tag","embeddable":true,"href":"https:\/\/javnost.rs\/index.php?rest_route=%2Fwp%2Fv2%2Ftags&post=3923"}],"curies":[{"name":"wp","href":"https:\/\/api.w.org\/{rel}","templated":true}]}}