{"id":3904,"date":"2024-03-11T10:09:19","date_gmt":"2024-03-11T09:09:19","guid":{"rendered":"https:\/\/javnost.rs\/?p=3904"},"modified":"2024-03-11T10:10:15","modified_gmt":"2024-03-11T09:10:15","slug":"izdavacka-kuca-bajbuk-objavila-posljednji-roman-nobelovca-markeza","status":"publish","type":"post","link":"https:\/\/javnost.rs\/?p=3904","title":{"rendered":"Izdava\u010dka ku\u0107a Bajbuk objavila posljednji roman nobelovca Markeza"},"content":{"rendered":"\t\t<div data-elementor-type=\"wp-post\" data-elementor-id=\"3904\" class=\"elementor elementor-3904\">\n\t\t\t\t<div class=\"elementor-element elementor-element-4821e14 e-flex e-con-boxed e-con e-parent\" data-id=\"4821e14\" data-element_type=\"container\">\n\t\t\t\t\t<div class=\"e-con-inner\">\n\t\t\t\t<div class=\"elementor-element elementor-element-4da8f6c elementor-widget elementor-widget-text-editor\" data-id=\"4da8f6c\" data-element_type=\"widget\" data-widget_type=\"text-editor.default\">\n\t\t\t\t<div class=\"elementor-widget-container\">\n\t\t\t\t\t\t\t\t\t<p><strong>Izdava\u010dka ku\u0107a Bajbuk pridru\u017eila se velikim svjetskim izdava\u010dima koji su u isto vrijeme objavili posljednji roman nobelovca Markeza, \u201eVidimo se u augustu\u201d. Interes publike za ovo izdanje je veliki.<\/strong><\/p><p>Na ro\u0111endan nobelovca Gabriel Garc\u00ede M\u00e1rqueza 31 dr\u017eava je istovremeno objavila roman Vidimo se u augustu, djelo koje je posthumno otkriveno, neo\u010dekivani poklon jednog od najve\u0107ih pisaca. &#8222;Vidimo se u augustu&#8220; je oda \u017eivotu i meditacija o slobodi, kajanju, samospoznaji i misterijama ljubavi.<\/p><p>Garc\u00eda M\u00e1rquez roman je napisao desetak godina prije smrti. Zbog bolesti koja mu je uticala i na um, nije bio siguran \u017eeli li ga objaviti. Njegovi sinovi odlu\u010dili su sa\u010dekati i prepustiti da vrijeme presudi. Kada su roman nakon vi\u0161e godina ponovno pro\u010ditali, bili su odu\u0161evljeni stilom pisanja i ljepotom same pri\u010de. Odlu\u010dili su objaviti djelo. I \u010ditaoci su uzbu\u0111eni zbog izlaska novog djela za koje vjeruju da \u0107e biti klasik.<\/p><p>Roman &#8216;Vidimo se u augustu&#8217;, kriti\u010dari ve\u0107 ocjenjuju kao izvanredan prikaz \u017eenstvenosti, seksualnosti i \u017eudnje te je odli\u010dan \u201egrand finale\u201c opusa Gabriela Garc\u00edje M\u00e1rqueza.<\/p>\t\t\t\t\t\t\t\t<\/div>\n\t\t\t\t<\/div>\n\t\t\t\t\t<\/div>\n\t\t\t\t<\/div>\n\t\t<div class=\"elementor-element elementor-element-0f3b826 e-flex e-con-boxed e-con e-parent\" data-id=\"0f3b826\" data-element_type=\"container\">\n\t\t\t\t\t<div class=\"e-con-inner\">\n\t\t\t\t<div class=\"elementor-element elementor-element-8055ffa elementor-widget elementor-widget-text-editor\" data-id=\"8055ffa\" data-element_type=\"widget\" data-widget_type=\"text-editor.default\">\n\t\t\t\t<div class=\"elementor-widget-container\">\n\t\t\t\t\t\t\t\t\t<p>Izvor i foto: BHRT<\/p>\t\t\t\t\t\t\t\t<\/div>\n\t\t\t\t<\/div>\n\t\t\t\t\t<\/div>\n\t\t\t\t<\/div>\n\t\t\t\t<\/div>\n\t\t","protected":false},"excerpt":{"rendered":"<p>Izdava\u010dka ku\u0107a Bajbuk pridru\u017eila se velikim svjetskim izdava\u010dima koji su u isto vrijeme objavili posljednji roman nobelovca Markeza, \u201eVidimo se u augustu\u201d. Interes publike za ovo izdanje je veliki. Na ro\u0111endan nobelovca Gabriel Garc\u00ede M\u00e1rqueza 31 dr\u017eava je istovremeno objavila roman Vidimo se u augustu, djelo koje je posthumno otkriveno, neo\u010dekivani poklon jednog od najve\u0107ih [&hellip;]<\/p>\n","protected":false},"author":1,"featured_media":3905,"comment_status":"closed","ping_status":"closed","sticky":false,"template":"","format":"standard","meta":{"footnotes":""},"categories":[104],"tags":[],"class_list":["post-3904","post","type-post","status-publish","format-standard","has-post-thumbnail","hentry","category-knjizevnost-novosti"],"aioseo_notices":[],"_links":{"self":[{"href":"https:\/\/javnost.rs\/index.php?rest_route=\/wp\/v2\/posts\/3904","targetHints":{"allow":["GET"]}}],"collection":[{"href":"https:\/\/javnost.rs\/index.php?rest_route=\/wp\/v2\/posts"}],"about":[{"href":"https:\/\/javnost.rs\/index.php?rest_route=\/wp\/v2\/types\/post"}],"author":[{"embeddable":true,"href":"https:\/\/javnost.rs\/index.php?rest_route=\/wp\/v2\/users\/1"}],"replies":[{"embeddable":true,"href":"https:\/\/javnost.rs\/index.php?rest_route=%2Fwp%2Fv2%2Fcomments&post=3904"}],"version-history":[{"count":4,"href":"https:\/\/javnost.rs\/index.php?rest_route=\/wp\/v2\/posts\/3904\/revisions"}],"predecessor-version":[{"id":3909,"href":"https:\/\/javnost.rs\/index.php?rest_route=\/wp\/v2\/posts\/3904\/revisions\/3909"}],"wp:featuredmedia":[{"embeddable":true,"href":"https:\/\/javnost.rs\/index.php?rest_route=\/wp\/v2\/media\/3905"}],"wp:attachment":[{"href":"https:\/\/javnost.rs\/index.php?rest_route=%2Fwp%2Fv2%2Fmedia&parent=3904"}],"wp:term":[{"taxonomy":"category","embeddable":true,"href":"https:\/\/javnost.rs\/index.php?rest_route=%2Fwp%2Fv2%2Fcategories&post=3904"},{"taxonomy":"post_tag","embeddable":true,"href":"https:\/\/javnost.rs\/index.php?rest_route=%2Fwp%2Fv2%2Ftags&post=3904"}],"curies":[{"name":"wp","href":"https:\/\/api.w.org\/{rel}","templated":true}]}}