{"id":3896,"date":"2024-03-10T23:03:10","date_gmt":"2024-03-10T22:03:10","guid":{"rendered":"https:\/\/javnost.rs\/?p=3896"},"modified":"2024-03-10T23:04:14","modified_gmt":"2024-03-10T22:04:14","slug":"protegni-se-koliko-mozes-izlozba-fotografija-u-mostaru","status":"publish","type":"post","link":"https:\/\/javnost.rs\/?p=3896","title":{"rendered":"&#8222;Protegni se koliko mo\u017ee\u0161&#8220;: Izlo\u017eba fotografija u Mostaru"},"content":{"rendered":"\t\t<div data-elementor-type=\"wp-post\" data-elementor-id=\"3896\" class=\"elementor elementor-3896\">\n\t\t\t\t<div class=\"elementor-element elementor-element-ae402fc e-flex e-con-boxed e-con e-parent\" data-id=\"ae402fc\" data-element_type=\"container\">\n\t\t\t\t\t<div class=\"e-con-inner\">\n\t\t\t\t<div class=\"elementor-element elementor-element-be66cf7 elementor-widget elementor-widget-text-editor\" data-id=\"be66cf7\" data-element_type=\"widget\" data-widget_type=\"text-editor.default\">\n\t\t\t\t<div class=\"elementor-widget-container\">\n\t\t\t\t\t\t\t\t\t<p><strong>Izlo\u017eba fotografija &#8222;Protegni se koliko mo\u017ee\u0161&#8220;, na kojoj su s ciljem osvje\u0161\u0107ivanja gra\u0111ana prikazana 52 primjera degradacije stambenih objekata u Mostaru, otvorena je danas u Galeriji kraljice Katarine Kosa\u010de.<\/strong><\/p><p>Radovi su nastali u okviru projekta &#8222;Scalamerija&#8220; koji je pokrenut s ciljem detekcije, analize, klasifikacije, te prikupljanja i selektiranja arhitektonskih anomalija koje od pora\u0107a sve do danas oblikuju vizure Mostara, a izgra\u0111ene su naj\u010de\u0161\u0107e bez pravila arhitektonske i urbanisti\u010dke struke.<\/p><p>Suosniva\u010dica udru\u017eenja &#8222;Fora&#8220; i arhitektica Enida \u0160etka kazala je kako su primjeri degradacije kolektivne stambene gradnje u Mostaru prvenstveno nastali individualnim promjenama od strane investitora bez dozvola.<\/p><p><strong>&#8222;Svi primjeri podijeljeni su u vi\u0161e grupa, a to su pro\u0161irivanje i promjena namjene prizemlja, mansarde i dogradnja na fasadama objekta. Ne vjerujem da Grad Mostar sam mo\u017ee stati u kraj tome nego treba osvijestiti gra\u0111ane i po\u0161tivati zakone. Gra\u0111ani na svoju ruku ne mogu mijenjati bilo \u0161ta na kolektivnim objektima jer se na taj na\u010din mijenja urbani identitet grada, a uz to, radi se o zajedni\u010dkom prostoru&#8220;, kazala je \u0160etka.<\/strong><\/p><p>Prvom fazom projekta \u017eeli se ukazati na navedenu problematiku na stambenim zgradama pa su u ve\u010dera\u0161njoj izlo\u017ebi izlo\u017eene fotografije najreprezentativnijih primjera takve gradnje.<\/p><p><strong>&#8222;Kad smo po\u010deli birati primjere za izlo\u017ebu moram priznati da smo morali napraviti selekciju jer smo imali veliki broj primjera i opet smo na kraju sveli sve na 52 objekta \u0161to nije ba\u0161 mali broj. Svaki objekt je pri\u010da za sebe, ali najve\u0107a &#8216;skalamerija&#8217; je mo\u017eda na objektima koji su nekada, do 1992. godine predstavljali prepoznatljiv stil Mostara, a tu govorimo o &#8216;Uglovnici&#8217;, zgradi na V stubovima, dakle objektima koji su prije bilo prepoznatljivi, a sada potpuno degradirani&#8220;, navela je \u0160etka.<\/strong><\/p><p>\u0160efica Slu\u017ebe za kulturu Grada Mostara Inga Dragoje-Mikuli\u0107 kazala je kako je ovo jedan od projekata uvr\u0161tenih u strategiju kulture 2018.-2026. koju je uradio Grad Mostar.<\/p><p>Projekt &#8222;Scalamerija&#8220; nastao je u koprodukciji Slu\u017ebe za kulturu Grada Mostara i udru\u017eenja &#8222;Fora&#8220; iz Mostara i uz sudjelovanje grupe autorica koju \u010dine Enida \u0160etka, Esma \u0160anti\u0107, Martina Mili\u010devi\u0107, Senada Demirovi\u0107 Habibija, Danijela Ucovi\u0107, te Ilde Kero, koja je i autorica fotografija.<\/p>\t\t\t\t\t\t\t\t<\/div>\n\t\t\t\t<\/div>\n\t\t\t\t\t<\/div>\n\t\t\t\t<\/div>\n\t\t<div class=\"elementor-element elementor-element-513a86d e-flex e-con-boxed e-con e-parent\" data-id=\"513a86d\" data-element_type=\"container\">\n\t\t\t\t\t<div class=\"e-con-inner\">\n\t\t\t\t<div class=\"elementor-element elementor-element-c76aa75 elementor-widget elementor-widget-text-editor\" data-id=\"c76aa75\" data-element_type=\"widget\" data-widget_type=\"text-editor.default\">\n\t\t\t\t<div class=\"elementor-widget-container\">\n\t\t\t\t\t\t\t\t\t<p>Izvor i foto: BHRT<\/p>\t\t\t\t\t\t\t\t<\/div>\n\t\t\t\t<\/div>\n\t\t\t\t\t<\/div>\n\t\t\t\t<\/div>\n\t\t\t\t<\/div>\n\t\t","protected":false},"excerpt":{"rendered":"<p>Izlo\u017eba fotografija &#8222;Protegni se koliko mo\u017ee\u0161&#8220;, na kojoj su s ciljem osvje\u0161\u0107ivanja gra\u0111ana prikazana 52 primjera degradacije stambenih objekata u Mostaru, otvorena je danas u Galeriji kraljice Katarine Kosa\u010de. Radovi su nastali u okviru projekta &#8222;Scalamerija&#8220; koji je pokrenut s ciljem detekcije, analize, klasifikacije, te prikupljanja i selektiranja arhitektonskih anomalija koje od pora\u0107a sve do [&hellip;]<\/p>\n","protected":false},"author":1,"featured_media":3897,"comment_status":"closed","ping_status":"closed","sticky":false,"template":"","format":"standard","meta":{"footnotes":""},"categories":[80],"tags":[],"class_list":["post-3896","post","type-post","status-publish","format-standard","has-post-thumbnail","hentry","category-fotografija"],"aioseo_notices":[],"_links":{"self":[{"href":"https:\/\/javnost.rs\/index.php?rest_route=\/wp\/v2\/posts\/3896","targetHints":{"allow":["GET"]}}],"collection":[{"href":"https:\/\/javnost.rs\/index.php?rest_route=\/wp\/v2\/posts"}],"about":[{"href":"https:\/\/javnost.rs\/index.php?rest_route=\/wp\/v2\/types\/post"}],"author":[{"embeddable":true,"href":"https:\/\/javnost.rs\/index.php?rest_route=\/wp\/v2\/users\/1"}],"replies":[{"embeddable":true,"href":"https:\/\/javnost.rs\/index.php?rest_route=%2Fwp%2Fv2%2Fcomments&post=3896"}],"version-history":[{"count":4,"href":"https:\/\/javnost.rs\/index.php?rest_route=\/wp\/v2\/posts\/3896\/revisions"}],"predecessor-version":[{"id":3901,"href":"https:\/\/javnost.rs\/index.php?rest_route=\/wp\/v2\/posts\/3896\/revisions\/3901"}],"wp:featuredmedia":[{"embeddable":true,"href":"https:\/\/javnost.rs\/index.php?rest_route=\/wp\/v2\/media\/3897"}],"wp:attachment":[{"href":"https:\/\/javnost.rs\/index.php?rest_route=%2Fwp%2Fv2%2Fmedia&parent=3896"}],"wp:term":[{"taxonomy":"category","embeddable":true,"href":"https:\/\/javnost.rs\/index.php?rest_route=%2Fwp%2Fv2%2Fcategories&post=3896"},{"taxonomy":"post_tag","embeddable":true,"href":"https:\/\/javnost.rs\/index.php?rest_route=%2Fwp%2Fv2%2Ftags&post=3896"}],"curies":[{"name":"wp","href":"https:\/\/api.w.org\/{rel}","templated":true}]}}