{"id":3808,"date":"2024-03-10T20:56:28","date_gmt":"2024-03-10T19:56:28","guid":{"rendered":"https:\/\/javnost.rs\/?p=3808"},"modified":"2024-03-10T20:57:16","modified_gmt":"2024-03-10T19:57:16","slug":"premijera-predstave-svijet-mogucnosti-11-maja-na-sceni-nps","status":"publish","type":"post","link":"https:\/\/javnost.rs\/?p=3808","title":{"rendered":"Premijera predstave &#8216;Svijet mogu\u0107nosti&#8217; 11. maja na sceni NPS"},"content":{"rendered":"\t\t<div data-elementor-type=\"wp-post\" data-elementor-id=\"3808\" class=\"elementor elementor-3808\">\n\t\t\t\t<div class=\"elementor-element elementor-element-b0a29e8 e-flex e-con-boxed e-con e-parent\" data-id=\"b0a29e8\" data-element_type=\"container\">\n\t\t\t\t\t<div class=\"e-con-inner\">\n\t\t\t\t<div class=\"elementor-element elementor-element-1dd279d elementor-widget elementor-widget-text-editor\" data-id=\"1dd279d\" data-element_type=\"widget\" data-widget_type=\"text-editor.default\">\n\t\t\t\t<div class=\"elementor-widget-container\">\n\t\t\t\t\t\t\t\t\t<p><strong>Premijera predstave &#8222;Svijet mogu\u0107nosti\u201c, \u010diji je autor i reditelj Haris Pa\u0161ovi\u0107, premijerno \u0107e biti izvedena na sceni Narodnog pozori\u0161ta 11. maja. Predstava je rezultat rada na me\u0111unarodnom projektu \u010diji je cilj osvjetljavanje \u017eivota osobe sa invaliditetom.<\/strong><\/p><p>&#8222;Svijet mogu\u0107nosti\u201c kao glavnu temu ima \u017eivot djece i ljudi s autizmom i cerebralnom paralizom, ali i \u017eivote \u010dlanova njihovih porodica, institucija koje su dio njihovih \u017eivota, njihove svakodnevice, izazova sa kojima se susre\u0107u.<\/p><p>Autor i reditelj Haris Pa\u0161ovi\u0107 isti\u010de da nije bilo lako napraviti dramski tekst s obzirom da okosnicu \u010dini materijal \u010diju su\u0161tinu nije mogu\u0107e izraziti rije\u010dima, te da su gluma\u010dke kreacije presudne za sadr\u017eaj.<\/p><p>&#8222;Na predstavi radim sa jednom gluma\u010dkom ekipom koja je duboko u\u0161la u cijeli proces. Mi zapravo radimo godinu dana na ovom projektu. Imali smo radionice u Sarajevu, i u Novom Sadu, u Budvi. Radili smo i sa na\u0161im koleginicom Larisom Lipovac Navojec iz Zagreba koja je koreograf i jedan od partnera u ovoj pri\u010di, ali nama je klju\u010dno partnerstvo sa institucijama koje rade sa osobama sa invaliditetom. U Sarajevu, Novom Sadu i Budvi mi smo posjetili centre i dnevne boravke koji se bave i gdje borave osobe sa invaliditetom, provodili s njima vrijeme i stekli jedan odre\u0111eni uvid u njihove \u017eivote, koji sad \u017eelimo da prenesemo publici&#8220;, obja\u0161njava Pa\u0161ovi\u0107 i dodaje da je pred glumcima veliki izazov, gluma\u010dki i ljudski, ali da ne sumnja da \u0107e fantasti\u010dno iznijeti svoje uloge.<\/p><p>U sap\u0107enju NPS se navodi da su probe koje su u toku po\u010detak posljednje faze ovog projekta, kada \u0107e svi u\u010desnici preto\u010diti svoja iskustva i ono \u0161to su kroz radioni\u010darski rad nau\u010dili u prethodnom periodu.<\/p><p>Pored autora i redatelja Harisa Pa\u0161ovi\u0107a, umetni\u010dki tim \u010dine: kostimografkinja Marina Sremac, kompozitor Dino \u0160ukalo, scenograf Ivana Jan\u010di\u0107, koreografkinja Larisa Lipovac Navojec. U predstavi igraju: Gordana \u0110ur\u0111evi\u0107 Dimi\u0107, Lidija Stevanovi\u0107, Sanja Risti\u0107 Krajnov, Jelena Antonijevi\u0107, Mina Pavlica, Marija Felde\u0161i, Milan Kova\u010devi\u0107, Marko Savkovi\u0107, Vuka\u0161in Ran\u0111elovi\u0107, Aljo\u0161a \u0110idi\u0107, Aleksandar Sarapa i Rade Perovi\u0107.<\/p><p>Predstava \u0107e se izvoditi u gradovima partnerima Sarajevu, Novom Sadu, Zagrebu i Budvi.<\/p><p>Projekat u okviru kog se priprema predstava &#8222;Svijet mogu\u0107nosti\u201d nosi naziv &#8222;Enabled Theatre\u201d provodi se u saradnji izme\u0111u East West Centra Sarajevo, Srpskog narodnog pozori\u0161ta, Grad Teatra Teatra Budva i Plesnog centra Tala, sufinansiran je sredstvima Evropske unije kroz program Kreativna Evropa.<\/p><p>Ulaznice za sarajevsku premijeru predstave &#8222;Svijet mogu\u0107nosti\u201c, koja \u0107e biti izvedena 11. maja 2024. godine, mogu\u0107e je ve\u0107 sad rezervisati putem zvani\u010dne web stranice Narodnog pozori\u0161ta Sarajevo na linku: https:\/\/nps.ba\/rezervacije\/448., saop\u0107eno je iz NPS.<\/p>\t\t\t\t\t\t\t\t<\/div>\n\t\t\t\t<\/div>\n\t\t\t\t\t<\/div>\n\t\t\t\t<\/div>\n\t\t<div class=\"elementor-element elementor-element-63bed55 e-flex e-con-boxed e-con e-parent\" data-id=\"63bed55\" data-element_type=\"container\">\n\t\t\t\t\t<div class=\"e-con-inner\">\n\t\t\t\t<div class=\"elementor-element elementor-element-cb6642b elementor-widget elementor-widget-text-editor\" data-id=\"cb6642b\" data-element_type=\"widget\" data-widget_type=\"text-editor.default\">\n\t\t\t\t<div class=\"elementor-widget-container\">\n\t\t\t\t\t\t\t\t\t<p>Izvor i foto: BHRT<\/p>\t\t\t\t\t\t\t\t<\/div>\n\t\t\t\t<\/div>\n\t\t\t\t\t<\/div>\n\t\t\t\t<\/div>\n\t\t\t\t<\/div>\n\t\t","protected":false},"excerpt":{"rendered":"<p>Premijera predstave &#8222;Svijet mogu\u0107nosti\u201c, \u010diji je autor i reditelj Haris Pa\u0161ovi\u0107, premijerno \u0107e biti izvedena na sceni Narodnog pozori\u0161ta 11. maja. Predstava je rezultat rada na me\u0111unarodnom projektu \u010diji je cilj osvjetljavanje \u017eivota osobe sa invaliditetom. &#8222;Svijet mogu\u0107nosti\u201c kao glavnu temu ima \u017eivot djece i ljudi s autizmom i cerebralnom paralizom, ali i \u017eivote \u010dlanova [&hellip;]<\/p>\n","protected":false},"author":1,"featured_media":3809,"comment_status":"closed","ping_status":"closed","sticky":false,"template":"","format":"standard","meta":{"footnotes":""},"categories":[77],"tags":[],"class_list":["post-3808","post","type-post","status-publish","format-standard","has-post-thumbnail","hentry","category-pozoriste"],"aioseo_notices":[],"_links":{"self":[{"href":"https:\/\/javnost.rs\/index.php?rest_route=\/wp\/v2\/posts\/3808","targetHints":{"allow":["GET"]}}],"collection":[{"href":"https:\/\/javnost.rs\/index.php?rest_route=\/wp\/v2\/posts"}],"about":[{"href":"https:\/\/javnost.rs\/index.php?rest_route=\/wp\/v2\/types\/post"}],"author":[{"embeddable":true,"href":"https:\/\/javnost.rs\/index.php?rest_route=\/wp\/v2\/users\/1"}],"replies":[{"embeddable":true,"href":"https:\/\/javnost.rs\/index.php?rest_route=%2Fwp%2Fv2%2Fcomments&post=3808"}],"version-history":[{"count":4,"href":"https:\/\/javnost.rs\/index.php?rest_route=\/wp\/v2\/posts\/3808\/revisions"}],"predecessor-version":[{"id":3813,"href":"https:\/\/javnost.rs\/index.php?rest_route=\/wp\/v2\/posts\/3808\/revisions\/3813"}],"wp:featuredmedia":[{"embeddable":true,"href":"https:\/\/javnost.rs\/index.php?rest_route=\/wp\/v2\/media\/3809"}],"wp:attachment":[{"href":"https:\/\/javnost.rs\/index.php?rest_route=%2Fwp%2Fv2%2Fmedia&parent=3808"}],"wp:term":[{"taxonomy":"category","embeddable":true,"href":"https:\/\/javnost.rs\/index.php?rest_route=%2Fwp%2Fv2%2Fcategories&post=3808"},{"taxonomy":"post_tag","embeddable":true,"href":"https:\/\/javnost.rs\/index.php?rest_route=%2Fwp%2Fv2%2Ftags&post=3808"}],"curies":[{"name":"wp","href":"https:\/\/api.w.org\/{rel}","templated":true}]}}