{"id":3796,"date":"2024-03-10T20:48:17","date_gmt":"2024-03-10T19:48:17","guid":{"rendered":"https:\/\/javnost.rs\/?p=3796"},"modified":"2024-03-10T20:49:38","modified_gmt":"2024-03-10T19:49:38","slug":"promovisano-drugo-izdanje-knjige-asketika-blazenopocivseg-vladike-atanasija","status":"publish","type":"post","link":"https:\/\/javnost.rs\/?p=3796","title":{"rendered":"Promovisano drugo izdanje knjige &#8222;Asketika&#8220; bla\u017eenopo\u010div\u0161eg vladike Atanasija"},"content":{"rendered":"\t\t<div data-elementor-type=\"wp-post\" data-elementor-id=\"3796\" class=\"elementor elementor-3796\">\n\t\t\t\t<div class=\"elementor-element elementor-element-a1a76cc e-flex e-con-boxed e-con e-parent\" data-id=\"a1a76cc\" data-element_type=\"container\">\n\t\t\t\t\t<div class=\"e-con-inner\">\n\t\t\t\t<div class=\"elementor-element elementor-element-53c043a elementor-widget elementor-widget-text-editor\" data-id=\"53c043a\" data-element_type=\"widget\" data-widget_type=\"text-editor.default\">\n\t\t\t\t<div class=\"elementor-widget-container\">\n\t\t\t\t\t\t\t\t\t<p>U Kulturnom centru Trebinje ve\u010deras je, povodom tri godine od upokojenja bla\u017eenopo\u010div\u0161eg episkopa zahumsko-hercegova\u010dkog i primorskog Atanasija, promovisano drugo izdanje njegove knjige &#8222;Asketika&#8220;, zbirke njegovih predavanja iz Pariza.<\/p>\t\t\t\t\t\t\t\t<\/div>\n\t\t\t\t<\/div>\n\t\t\t\t\t<\/div>\n\t\t\t\t<\/div>\n\t\t<div class=\"elementor-element elementor-element-532a700 e-flex e-con-boxed e-con e-parent\" data-id=\"532a700\" data-element_type=\"container\">\n\t\t\t\t\t<div class=\"e-con-inner\">\n\t\t\t\t<div class=\"elementor-element elementor-element-cefb6c4 elementor-widget elementor-widget-text-editor\" data-id=\"cefb6c4\" data-element_type=\"widget\" data-widget_type=\"text-editor.default\">\n\t\t\t\t<div class=\"elementor-widget-container\">\n\t\t\t\t\t\t\t\t\t<p>Episkop zapadnoameri\u010dki Maksim rekao je da je ova knjiga zbirka predavanja vladike Atanasija iz Pariza, gdje je proveo \u010detiri godine i gdje je bio monah, liturg i profesor, a koji je asketiku uvijek do\u017eivljavao kao dio antropologije.<\/p><p>&#8211; To se mo\u017ee vidjeti u ovoj knjizi, a antropologija je bila samo poglavlje hristologije. Ima ne\u010dega jako dirljivog u tome kako on pod pariskim nebom, tamo nekim studentima u Krimskoj ulici govori o tajnama podviga. Otac Zaharije, koji je danas u Manastiru Svetog Jovana Prete\u010de u Engleskoj, ka\u017ee da je Atanasije kada bi se studenti povukli, uve\u010de \u010ditao molitve koje mu je slao otac Justin &#8211; istakao je episkop Maksim.<\/p><p>Sve\u0161tenik Milorad Sredojevi\u0107 rekao je da se ova knjiga pojavila u &#8222;vuneno vrijeme&#8220;, u kojem do\u0111e kao lijek za ljudsku du\u0161u.<\/p><p>&#8211; Ova knjiga nas vra\u0107a nama samima i dolazi u pravo vrijeme &#8211; naglasio je Sredojevi\u0107.<\/p><p>On je naveo da, kada se posmatra \u017eivot i rad jednog mislioca, filozofa, pjesnika, bogoslova, obi\u010dno se gleda u kojem vremenu je \u017eivio i \u0161ta je radio, kakav je njegov eho na sredinu, na prilike i neprilike.<\/p><p>&#8211; Vladika Atanasije je li\u010dnost ogromnog autoriteta, sna\u017ena, epohalna li\u010dnost, toliko je stvarao i radio da nema oblasti u kojoj se nije odredio. Njegove misli i stvarala\u0161tvo se nalaze u svjetskim jezicima, ruskom, engleskom, gr\u010dkom, francuskom &#8211; istakao je otac Sredojevi\u0107.<\/p>\t\t\t\t\t\t\t\t<\/div>\n\t\t\t\t<\/div>\n\t\t\t\t\t<\/div>\n\t\t\t\t<\/div>\n\t\t<div class=\"elementor-element elementor-element-98c043c e-flex e-con-boxed e-con e-parent\" data-id=\"98c043c\" data-element_type=\"container\">\n\t\t\t\t\t<div class=\"e-con-inner\">\n\t\t\t\t<div class=\"elementor-element elementor-element-80313dc elementor-widget elementor-widget-text-editor\" data-id=\"80313dc\" data-element_type=\"widget\" data-widget_type=\"text-editor.default\">\n\t\t\t\t<div class=\"elementor-widget-container\">\n\t\t\t\t\t\t\t\t\t<p>Izvor i foto: RTRS<\/p>\t\t\t\t\t\t\t\t<\/div>\n\t\t\t\t<\/div>\n\t\t\t\t\t<\/div>\n\t\t\t\t<\/div>\n\t\t\t\t<\/div>\n\t\t","protected":false},"excerpt":{"rendered":"<p>U Kulturnom centru Trebinje ve\u010deras je, povodom tri godine od upokojenja bla\u017eenopo\u010div\u0161eg episkopa zahumsko-hercegova\u010dkog i primorskog Atanasija, promovisano drugo izdanje njegove knjige &#8222;Asketika&#8220;, zbirke njegovih predavanja iz Pariza. Episkop zapadnoameri\u010dki Maksim rekao je da je ova knjiga zbirka predavanja vladike Atanasija iz Pariza, gdje je proveo \u010detiri godine i gdje je bio monah, liturg i [&hellip;]<\/p>\n","protected":false},"author":1,"featured_media":3797,"comment_status":"closed","ping_status":"closed","sticky":false,"template":"","format":"standard","meta":{"footnotes":""},"categories":[81],"tags":[],"class_list":["post-3796","post","type-post","status-publish","format-standard","has-post-thumbnail","hentry","category-religija"],"aioseo_notices":[],"_links":{"self":[{"href":"https:\/\/javnost.rs\/index.php?rest_route=\/wp\/v2\/posts\/3796","targetHints":{"allow":["GET"]}}],"collection":[{"href":"https:\/\/javnost.rs\/index.php?rest_route=\/wp\/v2\/posts"}],"about":[{"href":"https:\/\/javnost.rs\/index.php?rest_route=\/wp\/v2\/types\/post"}],"author":[{"embeddable":true,"href":"https:\/\/javnost.rs\/index.php?rest_route=\/wp\/v2\/users\/1"}],"replies":[{"embeddable":true,"href":"https:\/\/javnost.rs\/index.php?rest_route=%2Fwp%2Fv2%2Fcomments&post=3796"}],"version-history":[{"count":4,"href":"https:\/\/javnost.rs\/index.php?rest_route=\/wp\/v2\/posts\/3796\/revisions"}],"predecessor-version":[{"id":3801,"href":"https:\/\/javnost.rs\/index.php?rest_route=\/wp\/v2\/posts\/3796\/revisions\/3801"}],"wp:featuredmedia":[{"embeddable":true,"href":"https:\/\/javnost.rs\/index.php?rest_route=\/wp\/v2\/media\/3797"}],"wp:attachment":[{"href":"https:\/\/javnost.rs\/index.php?rest_route=%2Fwp%2Fv2%2Fmedia&parent=3796"}],"wp:term":[{"taxonomy":"category","embeddable":true,"href":"https:\/\/javnost.rs\/index.php?rest_route=%2Fwp%2Fv2%2Fcategories&post=3796"},{"taxonomy":"post_tag","embeddable":true,"href":"https:\/\/javnost.rs\/index.php?rest_route=%2Fwp%2Fv2%2Ftags&post=3796"}],"curies":[{"name":"wp","href":"https:\/\/api.w.org\/{rel}","templated":true}]}}