{"id":3786,"date":"2024-03-10T20:43:22","date_gmt":"2024-03-10T19:43:22","guid":{"rendered":"https:\/\/javnost.rs\/?p=3786"},"modified":"2024-03-12T13:39:32","modified_gmt":"2024-03-12T12:39:32","slug":"kusturica-ce-odrzati-master-klas-na-festivalu-duh-vatre","status":"publish","type":"post","link":"https:\/\/javnost.rs\/?p=3786","title":{"rendered":"Kusturica \u0107e odr\u017eati master- klas na festivalu &#8222;Duh vatre&#8220;"},"content":{"rendered":"<p>Proslavljeni srpski re\u017eiser Emir Kusturica odr\u017ea\u0107e master-klas o pravljenju filmova na Me\u0111unarodnom filmskom festivalu kinematografskih debitanata &#8222;Duh vatre&#8220;, koji \u0107e biti odr\u017ean od 23. do 26. marta u ruskom gradu Hanti-Mansijsk.<\/p>\n<p>Kusturica, koji je i predsjednik tog festivala, rekao je da \u0107e govoriti o tome kako je stvarao svoje filmove.<\/p>\n<p>&#8211; Govori\u0107u o tome kako je i od \u010dega sve krenulo: od kakvih filmova, kakve literature &#8211; rekao je Kusturica novinarima na Me\u0111unarodnom festivalu mladih u So\u010diju, te napomenuo da je ranije bio na tom festivalu kao muzi\u010dar.<\/p>\n<p>Tema ovogodi\u0161njeg festivala &#8222;Duh vatre&#8220; bi\u0107e &#8222;Poseban jezik nacionalne kinematografije&#8220;.<\/p>\n<p>Osim projekcija iz konkursnog i vankonkursnog programa, goste o\u010dekuje bogat kulturno-obrazovni program, uklju\u010duju\u0107i lekcije, prezentacije i spektakle.<\/p>\n<p>Tvorac festivala &#8222;Duh vatre&#8220; 2002. godine bio je ruski umjetnik, filmski re\u017eiser Sergej Salavjov, nakon \u010dije je smrti 2021. godine, predsjednikom festivala postao Kuturica, od 2022. godine, prenosi TASS.\u00a0<\/p>\n<p>Izvor i foto: RTRS<\/p>\n","protected":false},"excerpt":{"rendered":"<p>Proslavljeni srpski re\u017eiser Emir Kusturica odr\u017ea\u0107e master-klas o pravljenju filmova na Me\u0111unarodnom filmskom festivalu kinematografskih debitanata &#8222;Duh vatre&#8220;, koji \u0107e biti odr\u017ean od 23. do 26. marta u ruskom gradu Hanti-Mansijsk. Kusturica, koji je i predsjednik tog festivala, rekao je da \u0107e govoriti o tome kako je stvarao svoje filmove. &#8211; Govori\u0107u o tome kako [&hellip;]<\/p>\n","protected":false},"author":1,"featured_media":3787,"comment_status":"closed","ping_status":"closed","sticky":false,"template":"","format":"standard","meta":{"footnotes":""},"categories":[78],"tags":[],"class_list":["post-3786","post","type-post","status-publish","format-standard","has-post-thumbnail","hentry","category-film"],"aioseo_notices":[],"_links":{"self":[{"href":"https:\/\/javnost.rs\/index.php?rest_route=\/wp\/v2\/posts\/3786","targetHints":{"allow":["GET"]}}],"collection":[{"href":"https:\/\/javnost.rs\/index.php?rest_route=\/wp\/v2\/posts"}],"about":[{"href":"https:\/\/javnost.rs\/index.php?rest_route=\/wp\/v2\/types\/post"}],"author":[{"embeddable":true,"href":"https:\/\/javnost.rs\/index.php?rest_route=\/wp\/v2\/users\/1"}],"replies":[{"embeddable":true,"href":"https:\/\/javnost.rs\/index.php?rest_route=%2Fwp%2Fv2%2Fcomments&post=3786"}],"version-history":[{"count":8,"href":"https:\/\/javnost.rs\/index.php?rest_route=\/wp\/v2\/posts\/3786\/revisions"}],"predecessor-version":[{"id":3795,"href":"https:\/\/javnost.rs\/index.php?rest_route=\/wp\/v2\/posts\/3786\/revisions\/3795"}],"wp:featuredmedia":[{"embeddable":true,"href":"https:\/\/javnost.rs\/index.php?rest_route=\/wp\/v2\/media\/3787"}],"wp:attachment":[{"href":"https:\/\/javnost.rs\/index.php?rest_route=%2Fwp%2Fv2%2Fmedia&parent=3786"}],"wp:term":[{"taxonomy":"category","embeddable":true,"href":"https:\/\/javnost.rs\/index.php?rest_route=%2Fwp%2Fv2%2Fcategories&post=3786"},{"taxonomy":"post_tag","embeddable":true,"href":"https:\/\/javnost.rs\/index.php?rest_route=%2Fwp%2Fv2%2Ftags&post=3786"}],"curies":[{"name":"wp","href":"https:\/\/api.w.org\/{rel}","templated":true}]}}