{"id":3780,"date":"2024-03-10T20:40:04","date_gmt":"2024-03-10T19:40:04","guid":{"rendered":"https:\/\/javnost.rs\/?p=3780"},"modified":"2024-03-12T13:38:21","modified_gmt":"2024-03-12T12:38:21","slug":"u-narodnom-pozoristu-srpske-premijera-predstave-mali-ratovi-i-kabine-zare","status":"publish","type":"post","link":"https:\/\/javnost.rs\/?p=3780","title":{"rendered":"U Narodnom pozori\u0161tu Srpske premijera predstave &#8222;Mali ratovi i kabine Zare&#8220;"},"content":{"rendered":"\t\t<div data-elementor-type=\"wp-post\" data-elementor-id=\"3780\" class=\"elementor elementor-3780\">\n\t\t\t\t<div class=\"elementor-element elementor-element-c71049a e-flex e-con-boxed e-con e-parent\" data-id=\"c71049a\" data-element_type=\"container\">\n\t\t\t\t\t<div class=\"e-con-inner\">\n\t\t\t\t<div class=\"elementor-element elementor-element-b353db2 elementor-widget elementor-widget-text-editor\" data-id=\"b353db2\" data-element_type=\"widget\" data-widget_type=\"text-editor.default\">\n\t\t\t\t<div class=\"elementor-widget-container\">\n\t\t\t\t\t\t\t\t\t<p>U Narodnom pozori\u0161tu Republike Srpske u petak, 15. marta, bi\u0107e izvedena premijera predstave &#8222;Mali ratovi i kabine Zare&#8220;, autora Vide Davidovi\u0107, a u re\u017eiji Ivice Buljana.<\/p>\t\t\t\t\t\t\t\t<\/div>\n\t\t\t\t<\/div>\n\t\t\t\t\t<\/div>\n\t\t\t\t<\/div>\n\t\t<div class=\"elementor-element elementor-element-b0deafd e-flex e-con-boxed e-con e-parent\" data-id=\"b0deafd\" data-element_type=\"container\">\n\t\t\t\t\t<div class=\"e-con-inner\">\n\t\t\t\t<div class=\"elementor-element elementor-element-ca40586 elementor-widget elementor-widget-text-editor\" data-id=\"ca40586\" data-element_type=\"widget\" data-widget_type=\"text-editor.default\">\n\t\t\t\t<div class=\"elementor-widget-container\">\n\t\t\t\t\t\t\t\t\t<p>Scenografiju potpisuje Aleksandar Deni\u0107, kostimograf je Ana Savi\u0107 Gecan, dramaturg Robert Valtl, a muziku potpisuje Petar Bilbija.<\/p><p>Uloge su povjerene Nikolini Friganovi\u0107, Senadu Milanovi\u0107u, Nata\u0161i Ivan\u010devi\u0107, Nata\u0161i Peri\u0107, \u017deljku Erki\u0107u, ali i studentima Akademije umjetnosti u Banjaluci.<\/p>\t\t\t\t\t\t\t\t<\/div>\n\t\t\t\t<\/div>\n\t\t\t\t\t<\/div>\n\t\t\t\t<\/div>\n\t\t<div class=\"elementor-element elementor-element-0b9fd0b e-flex e-con-boxed e-con e-parent\" data-id=\"0b9fd0b\" data-element_type=\"container\">\n\t\t\t\t\t<div class=\"e-con-inner\">\n\t\t\t\t<div class=\"elementor-element elementor-element-cc2d707 elementor-widget elementor-widget-text-editor\" data-id=\"cc2d707\" data-element_type=\"widget\" data-widget_type=\"text-editor.default\">\n\t\t\t\t<div class=\"elementor-widget-container\">\n\t\t\t\t\t\t\t\t\t<p>Izvor i foto: RTRS<\/p>\t\t\t\t\t\t\t\t<\/div>\n\t\t\t\t<\/div>\n\t\t\t\t\t<\/div>\n\t\t\t\t<\/div>\n\t\t\t\t<\/div>\n\t\t","protected":false},"excerpt":{"rendered":"<p>U Narodnom pozori\u0161tu Republike Srpske u petak, 15. marta, bi\u0107e izvedena premijera predstave &#8222;Mali ratovi i kabine Zare&#8220;, autora Vide Davidovi\u0107, a u re\u017eiji Ivice Buljana. Scenografiju potpisuje Aleksandar Deni\u0107, kostimograf je Ana Savi\u0107 Gecan, dramaturg Robert Valtl, a muziku potpisuje Petar Bilbija. Uloge su povjerene Nikolini Friganovi\u0107, Senadu Milanovi\u0107u, Nata\u0161i Ivan\u010devi\u0107, Nata\u0161i Peri\u0107, \u017deljku [&hellip;]<\/p>\n","protected":false},"author":1,"featured_media":3781,"comment_status":"closed","ping_status":"closed","sticky":false,"template":"","format":"standard","meta":{"footnotes":""},"categories":[77],"tags":[],"class_list":["post-3780","post","type-post","status-publish","format-standard","has-post-thumbnail","hentry","category-pozoriste"],"aioseo_notices":[],"_links":{"self":[{"href":"https:\/\/javnost.rs\/index.php?rest_route=\/wp\/v2\/posts\/3780","targetHints":{"allow":["GET"]}}],"collection":[{"href":"https:\/\/javnost.rs\/index.php?rest_route=\/wp\/v2\/posts"}],"about":[{"href":"https:\/\/javnost.rs\/index.php?rest_route=\/wp\/v2\/types\/post"}],"author":[{"embeddable":true,"href":"https:\/\/javnost.rs\/index.php?rest_route=\/wp\/v2\/users\/1"}],"replies":[{"embeddable":true,"href":"https:\/\/javnost.rs\/index.php?rest_route=%2Fwp%2Fv2%2Fcomments&post=3780"}],"version-history":[{"count":4,"href":"https:\/\/javnost.rs\/index.php?rest_route=\/wp\/v2\/posts\/3780\/revisions"}],"predecessor-version":[{"id":3785,"href":"https:\/\/javnost.rs\/index.php?rest_route=\/wp\/v2\/posts\/3780\/revisions\/3785"}],"wp:featuredmedia":[{"embeddable":true,"href":"https:\/\/javnost.rs\/index.php?rest_route=\/wp\/v2\/media\/3781"}],"wp:attachment":[{"href":"https:\/\/javnost.rs\/index.php?rest_route=%2Fwp%2Fv2%2Fmedia&parent=3780"}],"wp:term":[{"taxonomy":"category","embeddable":true,"href":"https:\/\/javnost.rs\/index.php?rest_route=%2Fwp%2Fv2%2Fcategories&post=3780"},{"taxonomy":"post_tag","embeddable":true,"href":"https:\/\/javnost.rs\/index.php?rest_route=%2Fwp%2Fv2%2Ftags&post=3780"}],"curies":[{"name":"wp","href":"https:\/\/api.w.org\/{rel}","templated":true}]}}