{"id":3774,"date":"2024-03-10T19:45:42","date_gmt":"2024-03-10T18:45:42","guid":{"rendered":"https:\/\/javnost.rs\/?p=3774"},"modified":"2024-03-10T19:47:37","modified_gmt":"2024-03-10T18:47:37","slug":"ivica-buljan-u-nprs-rezira-predstavu-mali-ratovi-i-kabine-zare-po-tekstu-vide-davidovic-foto","status":"publish","type":"post","link":"https:\/\/javnost.rs\/?p=3774","title":{"rendered":"Ivica Buljan u NPRS re\u017eira predstavu &#8222;Mali ratovi i kabine Zare&#8220; po tekstu Vide Davidovi\u0107 (FOTO)"},"content":{"rendered":"\t\t<div data-elementor-type=\"wp-post\" data-elementor-id=\"3774\" class=\"elementor elementor-3774\">\n\t\t\t\t<div class=\"elementor-element elementor-element-811e18c e-flex e-con-boxed e-con e-parent\" data-id=\"811e18c\" data-element_type=\"container\">\n\t\t\t\t\t<div class=\"e-con-inner\">\n\t\t\t\t<div class=\"elementor-element elementor-element-2e1df1c elementor-widget elementor-widget-text-editor\" data-id=\"2e1df1c\" data-element_type=\"widget\" data-widget_type=\"text-editor.default\">\n\t\t\t\t<div class=\"elementor-widget-container\">\n\t\t\t\t\t\t\t\t\t<p>Pozori\u0161ni reditelj Ivica Buljan, koji ve\u0107 neko vrijeme boravi u Banjaluci gdje u Narodnom pozori\u0161tu Republike Srpske re\u017eira predstavu &#8222;Mali ratovi i kabine Zare&#8220; po tekstu Vide Davidovi\u0107, izjavio je da stvorio tim glumaca koji pokriva sve generacije. Praizvo\u0111enje predstave zakazano je za 15. mart u 20 \u010dasova, na velikoj sceni ovog teatra.<\/p>\t\t\t\t\t\t\t\t<\/div>\n\t\t\t\t<\/div>\n\t\t\t\t\t<\/div>\n\t\t\t\t<\/div>\n\t\t<div class=\"elementor-element elementor-element-ff89ad3 e-flex e-con-boxed e-con e-parent\" data-id=\"ff89ad3\" data-element_type=\"container\">\n\t\t\t\t\t<div class=\"e-con-inner\">\n\t\t\t\t<div class=\"elementor-element elementor-element-5c74a52 elementor-widget elementor-widget-text-editor\" data-id=\"5c74a52\" data-element_type=\"widget\" data-widget_type=\"text-editor.default\">\n\t\t\t\t<div class=\"elementor-widget-container\">\n\t\t\t\t\t\t\t\t\t<p>Reditelj isti\u010de da je buo zauzet ranije prihva\u0107enim obavezama, ali da ga je tekst &#8222;Mali ratovi i kabine Zare&#8220; po tekstu Vide Davidovi\u0107 privla\u010dio.<\/p><p>&#8211; Tad u cijelu pri\u010du ulazi direktorica Dijana Grbi\u0107, koja je u\u010dinila sve sa svoje strane da me pozove u Banjaluku. Kad direktor nekog teatra poka\u017ee takvu \u017eelju, onda se i ja prilagodim. Dijana je prihvatila istog trenutka ideju da se, koliko god je tekst druga\u010diji od matice programa, modernizuje repertoar i da se pomla\u0111eni ansambl uhvati u ko\u0161tac s ne\u010dim \u0161to nije standardna psiholo\u0161ka drama &#8211; isti\u010de reditelj.<\/p><p>Prva \u017eelja, ka\u017ee Buljan, mu je bila upoznati cijeli ansambl.<\/p><p>&#8211; Ovaj tekst je specifi\u010dan utoliko \u0161to su protagonisti uglavnom mladi. Nakon razgovora i rada sa studentima, odabrao sam dvije glumice, An\u0111elu Rako\u010devi\u0107 i An\u0111elu Tasi\u0107, koje igraju dvije glavne uloge, obje su Mala. U predstavu je u\u0161ao mladi student, Milo\u0161 Drlja\u010da, u ulozi Reksija, a u ulogu Mu\u0161karca iz sada\u0161njosti Milo\u0161 \u0106ebi\u0107. Mu\u0161karca iz pro\u0161losti igra Anando \u010ceni\u0107, brata Senad Milanovi\u0107, a stub predstave \u010dine iskusni glumci iz ansambla, Nata\u0161a Peri\u0107, Nikolina Friganovi\u0107, \u017deljko Erki\u0107 i majka u sada\u0161njosti, Nata\u0161a Ivan\u010devi\u0107. Stvorio sam tim koji pokriva sve generacije &#8211; nagla\u0161ava Buljan.<\/p><p>Naziv &#8222;Mali ratovi&#8220; sugeri\u0161e, ka\u017ee Buljan, na strahotu ratova koji su se odvijali, ali govori i o malim ratovima unutar familije.<\/p><p>&#8211; Ne mislim da \u0107e predstava biti revolucionarna, me\u0111utim svaki pomak u tom smislu da se otvara prostor za druga\u010dija mi\u0161ljenja, za manjinska mi\u0161ljenja, u pravom smislu je mo\u0107 teatra. On mo\u017ee otvoriti o\u010di. Kad radim sa mla\u0111im generacijama suo\u010davam se sa fenomenima o kojima malo znam. Kad pomislim kako se kretala evolucija mog poimanja feminizma, od trenutka kad sam studirao. Tada nam je izvorna literatura bila Simon de Bovoar i D\u017eudit Batler. Dana\u0161nje post kvir teorije nam svijet tuma\u010de na druga\u010diji na\u010din. Mi neke uvide ne usvajamo ro\u0111enjem, nego ih moramo nau\u010diti. Predrasude se razbijaju u\u010denjem &#8211; ka\u017ee reditelj.<\/p><p>On dodaje da u dana\u0161njem globalnom svijetu, ovakav tekst kao Vide Davidovi\u0107 bi se mogao izvoditi u Njujorku, Oslu, Istanbulu.<\/p><p>&#8211; Iako \u017eivimo u razli\u010ditim ure\u0111enjima, mi smo gra\u0111ani svijeta i neke teme su nam zajedni\u010dke. Recimo, tema anoreksije koju komad tretira, do\u017eivljava se i dalje kao metafori\u010dki opis ne\u010dijeg fizi\u010dkog izgleda. Donedavno se izraz depresija koristio kao metafori\u010dki opis ne\u010dijeg tjeskobnog stanja, a ne kao ozbiljna bolest koja zahtijeva lije\u010denje. Stoga je va\u017eno da javne osobe, koje imaju uticaj na formiranje mi\u0161ljenja, razbijaju tabu teme &#8211; nagla\u0161ava Buljan.<\/p><p>Isti\u010de da nakon premijere u Banjaluci priprema mnogo projekata. Jedan od njih je, ka\u017ee, &#8222;Dugo putovanje u no\u0107&#8220; Jud\u017eina O&#8217;Nila, koji \u0107e raditi u Puli.<\/p><p>&#8211; U predstavi \u0107e igrati Alma Prica iz Zagreba, Marko Mandi\u0107, ljubljanski glumac s kojim sara\u0111ujem vi\u0161e od 20 godina, Luka Grbi\u0107 iz Beograda i Rok Juri\u010di\u0107, mladi glumac iz Zagreba. Nakon toga u planu je bavljenje Jonom Foseom, u mom norve\u0161kom ciklusu. Onda, u 2025. godini radi\u0107u za Kulturnu prestonicu Evrope (Nova Gorica) predstavu &#8222;Kralj Lir&#8220;, po \u0160ekspirovom djelu, sa dramaturgijom Biljane Srbljanovi\u0107. Prvi put javno najavljujem projekat adaptacije romana Bekima Sejranovi\u0107a &#8222;Nigdje, niotkuda&#8220;, u HNK u Rijeci &#8211; naglasio je hrvatski reditelj.<\/p>\t\t\t\t\t\t\t\t<\/div>\n\t\t\t\t<\/div>\n\t\t\t\t\t<\/div>\n\t\t\t\t<\/div>\n\t\t<div class=\"elementor-element elementor-element-4b2ffcd e-flex e-con-boxed e-con e-parent\" data-id=\"4b2ffcd\" data-element_type=\"container\">\n\t\t\t\t\t<div class=\"e-con-inner\">\n\t\t\t\t<div class=\"elementor-element elementor-element-39c8a1f elementor-widget elementor-widget-text-editor\" data-id=\"39c8a1f\" data-element_type=\"widget\" data-widget_type=\"text-editor.default\">\n\t\t\t\t<div class=\"elementor-widget-container\">\n\t\t\t\t\t\t\t\t\t<p>Izvor i foto: RTRS<\/p>\t\t\t\t\t\t\t\t<\/div>\n\t\t\t\t<\/div>\n\t\t\t\t\t<\/div>\n\t\t\t\t<\/div>\n\t\t\t\t<\/div>\n\t\t","protected":false},"excerpt":{"rendered":"<p>Pozori\u0161ni reditelj Ivica Buljan, koji ve\u0107 neko vrijeme boravi u Banjaluci gdje u Narodnom pozori\u0161tu Republike Srpske re\u017eira predstavu &#8222;Mali ratovi i kabine Zare&#8220; po tekstu Vide Davidovi\u0107, izjavio je da stvorio tim glumaca koji pokriva sve generacije. Praizvo\u0111enje predstave zakazano je za 15. mart u 20 \u010dasova, na velikoj sceni ovog teatra. Reditelj isti\u010de [&hellip;]<\/p>\n","protected":false},"author":1,"featured_media":3775,"comment_status":"closed","ping_status":"closed","sticky":false,"template":"","format":"standard","meta":{"footnotes":""},"categories":[77],"tags":[],"class_list":["post-3774","post","type-post","status-publish","format-standard","has-post-thumbnail","hentry","category-pozoriste"],"aioseo_notices":[],"_links":{"self":[{"href":"https:\/\/javnost.rs\/index.php?rest_route=\/wp\/v2\/posts\/3774","targetHints":{"allow":["GET"]}}],"collection":[{"href":"https:\/\/javnost.rs\/index.php?rest_route=\/wp\/v2\/posts"}],"about":[{"href":"https:\/\/javnost.rs\/index.php?rest_route=\/wp\/v2\/types\/post"}],"author":[{"embeddable":true,"href":"https:\/\/javnost.rs\/index.php?rest_route=\/wp\/v2\/users\/1"}],"replies":[{"embeddable":true,"href":"https:\/\/javnost.rs\/index.php?rest_route=%2Fwp%2Fv2%2Fcomments&post=3774"}],"version-history":[{"count":4,"href":"https:\/\/javnost.rs\/index.php?rest_route=\/wp\/v2\/posts\/3774\/revisions"}],"predecessor-version":[{"id":3779,"href":"https:\/\/javnost.rs\/index.php?rest_route=\/wp\/v2\/posts\/3774\/revisions\/3779"}],"wp:featuredmedia":[{"embeddable":true,"href":"https:\/\/javnost.rs\/index.php?rest_route=\/wp\/v2\/media\/3775"}],"wp:attachment":[{"href":"https:\/\/javnost.rs\/index.php?rest_route=%2Fwp%2Fv2%2Fmedia&parent=3774"}],"wp:term":[{"taxonomy":"category","embeddable":true,"href":"https:\/\/javnost.rs\/index.php?rest_route=%2Fwp%2Fv2%2Fcategories&post=3774"},{"taxonomy":"post_tag","embeddable":true,"href":"https:\/\/javnost.rs\/index.php?rest_route=%2Fwp%2Fv2%2Ftags&post=3774"}],"curies":[{"name":"wp","href":"https:\/\/api.w.org\/{rel}","templated":true}]}}