{"id":3768,"date":"2024-03-10T19:41:53","date_gmt":"2024-03-10T18:41:53","guid":{"rendered":"https:\/\/javnost.rs\/?p=3768"},"modified":"2024-03-10T19:43:47","modified_gmt":"2024-03-10T18:43:47","slug":"dzim-seridan-vazna-istina-nalazi-se-u-srpskim-filmovima","status":"publish","type":"post","link":"https:\/\/javnost.rs\/?p=3768","title":{"rendered":"D\u017eim \u0160eridan: Va\u017ena istina nalazi se u srpskim filmovima"},"content":{"rendered":"\t\t<div data-elementor-type=\"wp-post\" data-elementor-id=\"3768\" class=\"elementor elementor-3768\">\n\t\t\t\t<div class=\"elementor-element elementor-element-ce01701 e-flex e-con-boxed e-con e-parent\" data-id=\"ce01701\" data-element_type=\"container\">\n\t\t\t\t\t<div class=\"e-con-inner\">\n\t\t\t\t<div class=\"elementor-element elementor-element-0938429 elementor-widget elementor-widget-text-editor\" data-id=\"0938429\" data-element_type=\"widget\" data-widget_type=\"text-editor.default\">\n\t\t\t\t<div class=\"elementor-widget-container\">\n\t\t\t\t\t\t\t\t\t<p>Po\u010deo je 12. Beogradski irski festival. Otvorio ga je \u010duveni reditelj D\u017eim \u0160eridan, a dio programa Festivala, koji traje do 18. marta, \u010dini i retrospektiva njegovih filmova.<\/p>\t\t\t\t\t\t\t\t<\/div>\n\t\t\t\t<\/div>\n\t\t\t\t\t<\/div>\n\t\t\t\t<\/div>\n\t\t<div class=\"elementor-element elementor-element-11cc4d6 e-flex e-con-boxed e-con e-parent\" data-id=\"11cc4d6\" data-element_type=\"container\">\n\t\t\t\t\t<div class=\"e-con-inner\">\n\t\t\t\t<div class=\"elementor-element elementor-element-7d23f24 elementor-widget elementor-widget-text-editor\" data-id=\"7d23f24\" data-element_type=\"widget\" data-widget_type=\"text-editor.default\">\n\t\t\t\t<div class=\"elementor-widget-container\">\n\t\t\t\t\t\t\t\t\t<p>D\u017eim \u0160eridan je svojim filmovima pribli\u017eio irsku kulturu, mentalitet naroda, na\u010din \u017eivota. Tri i po decenije dugu filmsku karijeru po\u010deo je sa 40 godina. Za svoj debi &#8222;Moje lijevo stopalo&#8220;, pri\u010du o \u017eivotu Kristija Brauna, irskog umjetnika koji je, uprkos cerebralnoj paralizi, koriste\u0107i samo lijevo stopalo, nau\u010dio da slika i pi\u0161e, nominovan je za Oskara.<\/p><p>&#8211; Kada smo snimali taj film, nisam mogao da pretpostavim da \u0107e biti tako uspje\u0161an. Bio sam siguran da \u0107e uloga Danijela Dej Luisa biti izuzetna, iako tada nisam bio svjestan strukture pri\u010de i kako sam sve uradio, ali kada pogledam unazad, zadovoljan sam. Mnogo toga se promijenilo u filmskoj industriji od tada. Digitalizacija je oduzela magiju filmu, spektakli su precijenjeni, a prava drama potcijenjena. To treba da se promijeni &#8211; obja\u0161njava \u0160eridan.<\/p><p>Nominacije za Oskara uslijedile su i za njegova naredna ostvarenja &#8222;Polje&#8220;, &#8222;U ime oca&#8220; za koji je nagra\u0111en Zlatnim medvjedom u Berlinu, kao i za dramu o porodici irskih migranata u Njujorku, film &#8222;U Americi&#8220;.<\/p><p>Svojim nagradama dodao je i Zlatni pe\u010dat Jugoslovenske kinoteke, koji mu je uru\u010den na otvaranju 12. Beogradskog irskog festivala.<\/p><p>&#8211; To je fantasti\u010dno. Volim tradiciju jugoslovenskog, srpskog filma. Volim \/Emira\/ Kusturicu, muziku u njegovim filmovima. &#8222;Dom za vje\u0161anje&#8220; je u mojih top pet omiljenih filmova svih vremena. Vrlo va\u017ena istina se nalazi u va\u0161im filmovima i va\u017eni momenti istorije su u njima osvijetljeni. Zaista po\u0161tujem va\u0161u kinematografiju &#8211; istakao je \u0160eridan.<\/p><p>Na Beogradskom irskom festivalu bi\u0107e prikazani i \u0160eridanovi dokumentarci o \u010duvenim irskim glumcima Piteru O&#8217;Tulu i Ri\u010dardu Harisu.<\/p><p>Pored bogatog filmskog programa, festival dovodi i Tea Dorgana koga nazivaju &#8222;najve\u0107im \u017eivim pjesnikom Irske&#8220;, pozori\u0161nu trupu iz Dablina &#8222;Fishamble&#8220; i predstavu Kralj koja je glavnom glumcu, Petu Kinevanu donijela presti\u017enu nagradu &#8222;Ser Lorens Olivije&#8220;.<\/p>\t\t\t\t\t\t\t\t<\/div>\n\t\t\t\t<\/div>\n\t\t\t\t\t<\/div>\n\t\t\t\t<\/div>\n\t\t<div class=\"elementor-element elementor-element-dbdab91 e-flex e-con-boxed e-con e-parent\" data-id=\"dbdab91\" data-element_type=\"container\">\n\t\t\t\t\t<div class=\"e-con-inner\">\n\t\t\t\t<div class=\"elementor-element elementor-element-c05fff8 elementor-widget elementor-widget-text-editor\" data-id=\"c05fff8\" data-element_type=\"widget\" data-widget_type=\"text-editor.default\">\n\t\t\t\t<div class=\"elementor-widget-container\">\n\t\t\t\t\t\t\t\t\t<p>Izvor i foto: RTRS<\/p>\t\t\t\t\t\t\t\t<\/div>\n\t\t\t\t<\/div>\n\t\t\t\t\t<\/div>\n\t\t\t\t<\/div>\n\t\t\t\t<\/div>\n\t\t","protected":false},"excerpt":{"rendered":"<p>Po\u010deo je 12. Beogradski irski festival. Otvorio ga je \u010duveni reditelj D\u017eim \u0160eridan, a dio programa Festivala, koji traje do 18. marta, \u010dini i retrospektiva njegovih filmova. D\u017eim \u0160eridan je svojim filmovima pribli\u017eio irsku kulturu, mentalitet naroda, na\u010din \u017eivota. Tri i po decenije dugu filmsku karijeru po\u010deo je sa 40 godina. Za svoj debi &#8222;Moje [&hellip;]<\/p>\n","protected":false},"author":1,"featured_media":3769,"comment_status":"closed","ping_status":"closed","sticky":false,"template":"","format":"standard","meta":{"footnotes":""},"categories":[78],"tags":[],"class_list":["post-3768","post","type-post","status-publish","format-standard","has-post-thumbnail","hentry","category-film"],"aioseo_notices":[],"_links":{"self":[{"href":"https:\/\/javnost.rs\/index.php?rest_route=\/wp\/v2\/posts\/3768","targetHints":{"allow":["GET"]}}],"collection":[{"href":"https:\/\/javnost.rs\/index.php?rest_route=\/wp\/v2\/posts"}],"about":[{"href":"https:\/\/javnost.rs\/index.php?rest_route=\/wp\/v2\/types\/post"}],"author":[{"embeddable":true,"href":"https:\/\/javnost.rs\/index.php?rest_route=\/wp\/v2\/users\/1"}],"replies":[{"embeddable":true,"href":"https:\/\/javnost.rs\/index.php?rest_route=%2Fwp%2Fv2%2Fcomments&post=3768"}],"version-history":[{"count":4,"href":"https:\/\/javnost.rs\/index.php?rest_route=\/wp\/v2\/posts\/3768\/revisions"}],"predecessor-version":[{"id":3773,"href":"https:\/\/javnost.rs\/index.php?rest_route=\/wp\/v2\/posts\/3768\/revisions\/3773"}],"wp:featuredmedia":[{"embeddable":true,"href":"https:\/\/javnost.rs\/index.php?rest_route=\/wp\/v2\/media\/3769"}],"wp:attachment":[{"href":"https:\/\/javnost.rs\/index.php?rest_route=%2Fwp%2Fv2%2Fmedia&parent=3768"}],"wp:term":[{"taxonomy":"category","embeddable":true,"href":"https:\/\/javnost.rs\/index.php?rest_route=%2Fwp%2Fv2%2Fcategories&post=3768"},{"taxonomy":"post_tag","embeddable":true,"href":"https:\/\/javnost.rs\/index.php?rest_route=%2Fwp%2Fv2%2Ftags&post=3768"}],"curies":[{"name":"wp","href":"https:\/\/api.w.org\/{rel}","templated":true}]}}