{"id":3747,"date":"2024-03-10T19:28:45","date_gmt":"2024-03-10T18:28:45","guid":{"rendered":"https:\/\/javnost.rs\/?p=3747"},"modified":"2024-03-12T13:36:24","modified_gmt":"2024-03-12T12:36:24","slug":"odabrane-kompozicije-i-izvodaci-jubilarnog-30-durdevdanskog-festivala","status":"publish","type":"post","link":"https:\/\/javnost.rs\/?p=3747","title":{"rendered":"Odabrane kompozicije i izvo\u0111a\u010di jubilarnog 30. \u0110ur\u0111evdanskog festivala"},"content":{"rendered":"\t\t<div data-elementor-type=\"wp-post\" data-elementor-id=\"3747\" class=\"elementor elementor-3747\">\n\t\t\t\t<div class=\"elementor-element elementor-element-274e6a3 e-flex e-con-boxed e-con e-parent\" data-id=\"274e6a3\" data-element_type=\"container\">\n\t\t\t\t\t<div class=\"e-con-inner\">\n\t\t\t\t<div class=\"elementor-element elementor-element-535940e elementor-widget elementor-widget-text-editor\" data-id=\"535940e\" data-element_type=\"widget\" data-widget_type=\"text-editor.default\">\n\t\t\t\t<div class=\"elementor-widget-container\">\n\t\t\t\t\t\t\t\t\t<header class=\"entry-header\"><p>Selekciona komisija Muzi\u010dke produkcije i Muzi\u010dke redakcije Radio-televizije Republike Srpske odabrala je 20 kompozicija koje \u0107e 17. maja 2024. godine biti premijerno izvedene na jubilarnom, 30. Me\u0111unarodnom \u0111ur\u0111evdanskom festivalu dje\u010dje pjesme u Banjoj Luci. Komisija je odabrala i dvadeset tri izvo\u0111a\u010da iz Kine, Letonije, Rusije, Bugarske, Slovenije, Hrvatske, Srbije, Crne Gore, Sjeverne Makedonije i Bosne i Hercegovine, odnosno iz 16 gradova Evrope i Azije.<\/p><p>Osnovni kriterijum pri odabiru kompozicija i izvo\u0111a\u010da bio je kvalitet i originalnost kompozicije i interpretacije.<\/p><p>Pri odabiru kompozicija komisija je vodila ra\u010duna o uskla\u0111enosti aran\u017emana i teksta sa uzrastom izvo\u0111a\u010da (osam do dvanaest godina), ali i o glavnoj ciljnoj grupi \u2013 djeci predtinejd\u017eerskog i tinejd\u017eerskog uzrasta.<\/p><p>Odabrane kompozicije su moderne dje\u010dje pjesme aran\u017eirane u pop, rok, disko i hip-hop muzi\u010dkim stilovima, kako bi savremenu dje\u010dju pjesmu i kvalitetnu muziku pribli\u017eili i za nju zainteresovali mlade nara\u0161taje i na prelazu u tinejd\u017eersko doba.<\/p><p>Veliki broj kvalitenih izvo\u0111a\u010da i kompozicija, kako iz zemlje, tako i iz inostranstva, na\u017ealost, nije mogao u\u0107i u finalnu selekciju zbog velikog broja prijava i jake konkurcije, kao i zbog ograni\u010denog broja u\u010desnika i trajanja programa.Tim \u0110ur\u0111evdanskog festivala ra\u010duna na njih u narednim godinama.<\/p><p>Trideseto, jubilarno izdanje Festivala bi\u0107e odr\u017eano na velikoj, posebno dizajniranoj, sceni u Sportskoj dvorani \u201cBorik\u201d uz prisustvo publike i u prenosu na Radio-televiziji Republike Srpske, 17. maja 2024. godine.<\/p><p>Odabrane kompozicije i izvo\u0111a\u010di 30. \u0110ur\u0111evdanskog festivala mo\u017eete pogledati na ovom <a href=\"https:\/\/djeca.rtrs.tv\/2024\/02\/09\/kompozicije-izvodjaci-i-autori-djurdjevdanskog-festivala-2024\/\">linku<\/a>.<\/p><\/header>\t\t\t\t\t\t\t\t<\/div>\n\t\t\t\t<\/div>\n\t\t\t\t\t<\/div>\n\t\t\t\t<\/div>\n\t\t<div class=\"elementor-element elementor-element-6bf3403 e-flex e-con-boxed e-con e-parent\" data-id=\"6bf3403\" data-element_type=\"container\">\n\t\t\t\t\t<div class=\"e-con-inner\">\n\t\t\t\t<div class=\"elementor-element elementor-element-b650d89 elementor-widget elementor-widget-text-editor\" data-id=\"b650d89\" data-element_type=\"widget\" data-widget_type=\"text-editor.default\">\n\t\t\t\t<div class=\"elementor-widget-container\">\n\t\t\t\t\t\t\t\t\t<p>Izvor i foto: RTVIS<\/p>\t\t\t\t\t\t\t\t<\/div>\n\t\t\t\t<\/div>\n\t\t\t\t\t<\/div>\n\t\t\t\t<\/div>\n\t\t\t\t<\/div>\n\t\t","protected":false},"excerpt":{"rendered":"<p>Selekciona komisija Muzi\u010dke produkcije i Muzi\u010dke redakcije Radio-televizije Republike Srpske odabrala je 20 kompozicija koje \u0107e 17. maja 2024. godine biti premijerno izvedene na jubilarnom, 30. Me\u0111unarodnom \u0111ur\u0111evdanskom festivalu dje\u010dje pjesme u Banjoj Luci. Komisija je odabrala i dvadeset tri izvo\u0111a\u010da iz Kine, Letonije, Rusije, Bugarske, Slovenije, Hrvatske, Srbije, Crne Gore, Sjeverne Makedonije i Bosne [&hellip;]<\/p>\n","protected":false},"author":1,"featured_media":3748,"comment_status":"closed","ping_status":"closed","sticky":false,"template":"","format":"standard","meta":{"footnotes":""},"categories":[72],"tags":[],"class_list":["post-3747","post","type-post","status-publish","format-standard","has-post-thumbnail","hentry","category-72"],"aioseo_notices":[],"_links":{"self":[{"href":"https:\/\/javnost.rs\/index.php?rest_route=\/wp\/v2\/posts\/3747","targetHints":{"allow":["GET"]}}],"collection":[{"href":"https:\/\/javnost.rs\/index.php?rest_route=\/wp\/v2\/posts"}],"about":[{"href":"https:\/\/javnost.rs\/index.php?rest_route=\/wp\/v2\/types\/post"}],"author":[{"embeddable":true,"href":"https:\/\/javnost.rs\/index.php?rest_route=\/wp\/v2\/users\/1"}],"replies":[{"embeddable":true,"href":"https:\/\/javnost.rs\/index.php?rest_route=%2Fwp%2Fv2%2Fcomments&post=3747"}],"version-history":[{"count":7,"href":"https:\/\/javnost.rs\/index.php?rest_route=\/wp\/v2\/posts\/3747\/revisions"}],"predecessor-version":[{"id":3755,"href":"https:\/\/javnost.rs\/index.php?rest_route=\/wp\/v2\/posts\/3747\/revisions\/3755"}],"wp:featuredmedia":[{"embeddable":true,"href":"https:\/\/javnost.rs\/index.php?rest_route=\/wp\/v2\/media\/3748"}],"wp:attachment":[{"href":"https:\/\/javnost.rs\/index.php?rest_route=%2Fwp%2Fv2%2Fmedia&parent=3747"}],"wp:term":[{"taxonomy":"category","embeddable":true,"href":"https:\/\/javnost.rs\/index.php?rest_route=%2Fwp%2Fv2%2Fcategories&post=3747"},{"taxonomy":"post_tag","embeddable":true,"href":"https:\/\/javnost.rs\/index.php?rest_route=%2Fwp%2Fv2%2Ftags&post=3747"}],"curies":[{"name":"wp","href":"https:\/\/api.w.org\/{rel}","templated":true}]}}