{"id":3740,"date":"2024-03-10T19:23:54","date_gmt":"2024-03-10T18:23:54","guid":{"rendered":"https:\/\/javnost.rs\/?p=3740"},"modified":"2024-03-12T13:38:00","modified_gmt":"2024-03-12T12:38:00","slug":"poetski-dani-dare-sekulic-od-10-do-12-aprila","status":"publish","type":"post","link":"https:\/\/javnost.rs\/?p=3740","title":{"rendered":"\u201ePoetski dani Dare Sekuli\u0107\u201c od 10. do 12. aprila"},"content":{"rendered":"\t\t<div data-elementor-type=\"wp-post\" data-elementor-id=\"3740\" class=\"elementor elementor-3740\">\n\t\t\t\t<div class=\"elementor-element elementor-element-3233da7 e-flex e-con-boxed e-con e-parent\" data-id=\"3233da7\" data-element_type=\"container\">\n\t\t\t\t\t<div class=\"e-con-inner\">\n\t\t\t\t<div class=\"elementor-element elementor-element-45445f6 elementor-widget elementor-widget-text-editor\" data-id=\"45445f6\" data-element_type=\"widget\" data-widget_type=\"text-editor.default\">\n\t\t\t\t<div class=\"elementor-widget-container\">\n\t\t\t\t\t\t\t\t\t<p><strong>Manifestacija \u201ePoetski dani Dare Sekuli\u0107\u201c bi\u0107e odr\u017eani od 10. do 12. aprila u Isto\u010dnom Sarajevu pod motom \u201eKnjige su isto \u0161to i ljudi\u201c.<\/strong><\/p>\t\t\t\t\t\t\t\t<\/div>\n\t\t\t\t<\/div>\n\t\t\t\t\t<\/div>\n\t\t\t\t<\/div>\n\t\t<div class=\"elementor-element elementor-element-2f18748 e-flex e-con-boxed e-con e-parent\" data-id=\"2f18748\" data-element_type=\"container\">\n\t\t\t\t\t<div class=\"e-con-inner\">\n\t\t\t\t<div class=\"elementor-element elementor-element-5777d36 elementor-widget elementor-widget-text-editor\" data-id=\"5777d36\" data-element_type=\"widget\" data-widget_type=\"text-editor.default\">\n\t\t\t\t<div class=\"elementor-widget-container\">\n\t\t\t\t\t\t\t\t\t<p>Od ove godine bi\u0107e uspostavljena knji\u017eevna nagrada za neobjavljenu zbirku pjesama na srpskom jeziku, pisanu \u0107irili\u010dnim pismom.<\/p><p>Organizatori manifestacije Kulturni centar Isto\u010dno Novo Sarajevo, Mati\u010dna biblioteka Isto\u010dno Sarajevo i \u201eForum teatar\u201c raspisali su konkurs za nagradu \u201eDara Sekuli\u0107\u201c, a pravo u\u010de\u0161\u0107a imaju pjesnikinje starosti do 30 godina.<\/p><p>Zainteresovani treba do 15. marta da po\u0161alju jedan \u0161tampani primjerak zbirke na \u0107irili\u010dnom pismu i jedan u elektornskom formatu \/USB ili CD\/ sa naznakom \u201eZa konkurs\u201c, na adresu adresu Kulturni centar Isto\u010dno Novo Sarajevo, Stefana Nemanje 6, 71123 Isto\u010dno Novo Sarajevo, saop\u0161teno je iz \u201eForum teatra\u201c.<\/p><p>U\u010desnici konkursa radove mogu poslati pod \u0161ifrom \u010dije je rje\u0161enje u posebnoj zatvorenoj koverti.<\/p><p>\u010clanovi ovogodi\u0161njeg \u017eirija su profesor Sa\u0161a Kne\u017eevi\u0107, pjesnikinje Marijana Petroni\u0107 iz Isto\u010dnog Sarajeva i \u017deljka Avri\u0107 iz Sremske Mitrovice.<\/p><p>Nagra\u0111ena zbirka bi\u0107e \u0161tampana u izdanju Mati\u010dne biblioteke u tira\u017eu od 300 primjeraka.<\/p><p>Pobjedni\u010dka zbirka bi\u0107e promovisana na \u201ePoetskim danima Dare Sekuli\u0107\u201c.<\/p><p>U okviru manifestacije premijerno \u0107e biti prikazan i dokumentarni film \u201e\u010cekaju\u0107i krst\u201c u re\u017eiji Vitomira Mitri\u0107a, a bi\u0107e odr\u017ean i okrugli sto o djelu Dare Sekuli\u0107 uz u\u010de\u0161\u0107e pjesnika i univerzitetskih profesora koji \u0107e rezultirati zbornikom.<\/p><p>Pokrovitelji ove manifestacije su grad Isto\u010dno Sarajevo i op\u0161tina Isto\u010dno Novo Sarajevo.<\/p>\t\t\t\t\t\t\t\t<\/div>\n\t\t\t\t<\/div>\n\t\t\t\t\t<\/div>\n\t\t\t\t<\/div>\n\t\t<div class=\"elementor-element elementor-element-4117e68 e-flex e-con-boxed e-con e-parent\" data-id=\"4117e68\" data-element_type=\"container\">\n\t\t\t\t\t<div class=\"e-con-inner\">\n\t\t\t\t<div class=\"elementor-element elementor-element-0e97fac elementor-widget elementor-widget-text-editor\" data-id=\"0e97fac\" data-element_type=\"widget\" data-widget_type=\"text-editor.default\">\n\t\t\t\t<div class=\"elementor-widget-container\">\n\t\t\t\t\t\t\t\t\t<p>Izvor i foto: RTVIS<\/p>\t\t\t\t\t\t\t\t<\/div>\n\t\t\t\t<\/div>\n\t\t\t\t\t<\/div>\n\t\t\t\t<\/div>\n\t\t\t\t<\/div>\n\t\t","protected":false},"excerpt":{"rendered":"<p>Manifestacija \u201ePoetski dani Dare Sekuli\u0107\u201c bi\u0107e odr\u017eani od 10. do 12. aprila u Isto\u010dnom Sarajevu pod motom \u201eKnjige su isto \u0161to i ljudi\u201c. Od ove godine bi\u0107e uspostavljena knji\u017eevna nagrada za neobjavljenu zbirku pjesama na srpskom jeziku, pisanu \u0107irili\u010dnim pismom. Organizatori manifestacije Kulturni centar Isto\u010dno Novo Sarajevo, Mati\u010dna biblioteka Isto\u010dno Sarajevo i \u201eForum teatar\u201c raspisali [&hellip;]<\/p>\n","protected":false},"author":1,"featured_media":3742,"comment_status":"closed","ping_status":"closed","sticky":false,"template":"","format":"standard","meta":{"footnotes":""},"categories":[104],"tags":[],"class_list":["post-3740","post","type-post","status-publish","format-standard","has-post-thumbnail","hentry","category-knjizevnost-novosti"],"aioseo_notices":[],"_links":{"self":[{"href":"https:\/\/javnost.rs\/index.php?rest_route=\/wp\/v2\/posts\/3740","targetHints":{"allow":["GET"]}}],"collection":[{"href":"https:\/\/javnost.rs\/index.php?rest_route=\/wp\/v2\/posts"}],"about":[{"href":"https:\/\/javnost.rs\/index.php?rest_route=\/wp\/v2\/types\/post"}],"author":[{"embeddable":true,"href":"https:\/\/javnost.rs\/index.php?rest_route=\/wp\/v2\/users\/1"}],"replies":[{"embeddable":true,"href":"https:\/\/javnost.rs\/index.php?rest_route=%2Fwp%2Fv2%2Fcomments&post=3740"}],"version-history":[{"count":4,"href":"https:\/\/javnost.rs\/index.php?rest_route=\/wp\/v2\/posts\/3740\/revisions"}],"predecessor-version":[{"id":3746,"href":"https:\/\/javnost.rs\/index.php?rest_route=\/wp\/v2\/posts\/3740\/revisions\/3746"}],"wp:featuredmedia":[{"embeddable":true,"href":"https:\/\/javnost.rs\/index.php?rest_route=\/wp\/v2\/media\/3742"}],"wp:attachment":[{"href":"https:\/\/javnost.rs\/index.php?rest_route=%2Fwp%2Fv2%2Fmedia&parent=3740"}],"wp:term":[{"taxonomy":"category","embeddable":true,"href":"https:\/\/javnost.rs\/index.php?rest_route=%2Fwp%2Fv2%2Fcategories&post=3740"},{"taxonomy":"post_tag","embeddable":true,"href":"https:\/\/javnost.rs\/index.php?rest_route=%2Fwp%2Fv2%2Ftags&post=3740"}],"curies":[{"name":"wp","href":"https:\/\/api.w.org\/{rel}","templated":true}]}}