{"id":3731,"date":"2024-03-10T14:32:35","date_gmt":"2024-03-10T13:32:35","guid":{"rendered":"https:\/\/javnost.rs\/?p=3731"},"modified":"2024-03-10T14:37:03","modified_gmt":"2024-03-10T13:37:03","slug":"crkva-uspenja-presvete-bogorodice-svjedok-istorije-i-preteca-razvoja-pala","status":"publish","type":"post","link":"https:\/\/javnost.rs\/?p=3731","title":{"rendered":"CRKVA USPENJA PRESVETE BOGORODICE SVJEDOK ISTORIJE I PRETE\u010cA RAZVOJA PALA"},"content":{"rendered":"\t\t<div data-elementor-type=\"wp-post\" data-elementor-id=\"3731\" class=\"elementor elementor-3731\">\n\t\t\t\t<div class=\"elementor-element elementor-element-f8adc49 e-flex e-con-boxed e-con e-parent\" data-id=\"f8adc49\" data-element_type=\"container\">\n\t\t\t\t\t<div class=\"e-con-inner\">\n\t\t\t\t<div class=\"elementor-element elementor-element-e96532b elementor-widget elementor-widget-text-editor\" data-id=\"e96532b\" data-element_type=\"widget\" data-widget_type=\"text-editor.default\">\n\t\t\t\t<div class=\"elementor-widget-container\">\n\t\t\t\t\t\t\t\t\t<p><strong>Crkva Uspenja presvete Bogorodice na Palama podignuta je 1909. godine, a projektant crkve bio je mladi slikar Lazar Drlja\u010da, \u010diji je ovo jedini izvedeni arhitektonski projekat.<\/strong><\/p>\t\t\t\t\t\t\t\t<\/div>\n\t\t\t\t<\/div>\n\t\t\t\t\t<\/div>\n\t\t\t\t<\/div>\n\t\t<div class=\"elementor-element elementor-element-56e281e e-flex e-con-boxed e-con e-parent\" data-id=\"56e281e\" data-element_type=\"container\">\n\t\t\t\t\t<div class=\"e-con-inner\">\n\t\t\t\t<div class=\"elementor-element elementor-element-524f3ea elementor-widget elementor-widget-text-editor\" data-id=\"524f3ea\" data-element_type=\"widget\" data-widget_type=\"text-editor.default\">\n\t\t\t\t<div class=\"elementor-widget-container\">\n\t\t\t\t\t\t\t\t\t<p>Inicijativa i najve\u0107a zasluga za izgradnju crkve pripada prvom paljanskom sve\u0161teniku \u0110or\u0111u Grabe\u017eu i tada\u0161njem crkveno\u0161kolskom odboru. Sve\u0161tenik \u0110or\u0111e bio je otac Trifka Grabe\u017ea, \u010dlana Mlade Bosne i jednog od u\u010desnika atentata na prestolonasljednika Ferdinanda 1914. godine.<\/p><p>Paljanska parohija je bila u zajednici sa mokranjskom parohijom do 1890. godine. Te godine osnovana je parohija sa sjedi\u0161tem u Palama. U sastav paljanske parohije u\u0161la su sela od Kozije \u0106uprije, Buloga, Ljubogo\u0161te, Trebevi\u0107a, Rakovca, \u0106emanovi\u0107a, do ispod Romanije sela Bogovi\u0107a. Na podru\u010dju parohije u to vrijeme nije postojala crkva.<\/p>\t\t\t\t\t\t\t\t<\/div>\n\t\t\t\t<\/div>\n\t\t\t\t\t<\/div>\n\t\t\t\t<\/div>\n\t\t<div class=\"elementor-element elementor-element-7815be3 e-flex e-con-boxed e-con e-parent\" data-id=\"7815be3\" data-element_type=\"container\">\n\t\t\t\t\t<div class=\"e-con-inner\">\n\t\t\t\t<div class=\"elementor-element elementor-element-cb2ea98 elementor-widget elementor-widget-image\" data-id=\"cb2ea98\" data-element_type=\"widget\" data-widget_type=\"image.default\">\n\t\t\t\t<div class=\"elementor-widget-container\">\n\t\t\t\t\t\t\t\t\t\t\t\t\t\t\t<img fetchpriority=\"high\" decoding=\"async\" width=\"640\" height=\"853\" src=\"https:\/\/javnost.rs\/wp-content\/uploads\/2024\/03\/crkvapale2.jpg\" class=\"attachment-large size-large wp-image-3734\" alt=\"\" srcset=\"https:\/\/javnost.rs\/wp-content\/uploads\/2024\/03\/crkvapale2.jpg 768w, https:\/\/javnost.rs\/wp-content\/uploads\/2024\/03\/crkvapale2-225x300.jpg 225w\" sizes=\"(max-width: 640px) 100vw, 640px\" \/>\t\t\t\t\t\t\t\t\t\t\t\t\t\t\t<\/div>\n\t\t\t\t<\/div>\n\t\t\t\t\t<\/div>\n\t\t\t\t<\/div>\n\t\t<div class=\"elementor-element elementor-element-a74a84c e-flex e-con-boxed e-con e-parent\" data-id=\"a74a84c\" data-element_type=\"container\">\n\t\t\t\t\t<div class=\"e-con-inner\">\n\t\t\t\t<div class=\"elementor-element elementor-element-ac376fb elementor-widget elementor-widget-text-editor\" data-id=\"ac376fb\" data-element_type=\"widget\" data-widget_type=\"text-editor.default\">\n\t\t\t\t<div class=\"elementor-widget-container\">\n\t\t\t\t\t\t\t\t\t<p>Pripreme za izgradnju po\u010dele su jo\u0161 1904. godine kada se po\u010deo nabavljati gra\u0111evinski materijal i prikupljati dobrovoljni nov\u010dani prilozi.<\/p><p>Crkveno\u0161kolska op\u0161tina paljanska 1905. godine raspisala je konkurs za izradu projekta za izgradnju crkve u Palama, gdje je izabran rad Lazara Drlja\u010de.<\/p><p>Osve\u0107enje je obavio mitropolit Evgenije Letica. Osve\u0107enje temelja crkve obavljeno je na Petrovdan 12.jula 1908. godine, a \u010din osve\u0107enja izvr\u0161io je prota Vaso Popovi\u0107. Na osve\u0107enju temelja bilo je prisutno vi\u0161e od 1000 ljudi. Dva i po mjeseca nakon ovog \u010dina do\u0161lo je do aneksije BiH, pa je gradnja hrama nastavljena u te\u0161kim uslovima.<\/p>\t\t\t\t\t\t\t\t<\/div>\n\t\t\t\t<\/div>\n\t\t\t\t\t<\/div>\n\t\t\t\t<\/div>\n\t\t<div class=\"elementor-element elementor-element-114b27d e-flex e-con-boxed e-con e-parent\" data-id=\"114b27d\" data-element_type=\"container\">\n\t\t\t\t\t<div class=\"e-con-inner\">\n\t\t\t\t<div class=\"elementor-element elementor-element-293b310 elementor-widget elementor-widget-image\" data-id=\"293b310\" data-element_type=\"widget\" data-widget_type=\"image.default\">\n\t\t\t\t<div class=\"elementor-widget-container\">\n\t\t\t\t\t\t\t\t\t\t\t\t\t\t\t<img decoding=\"async\" width=\"640\" height=\"427\" src=\"https:\/\/javnost.rs\/wp-content\/uploads\/2024\/03\/crkvapale3.jpg\" class=\"attachment-large size-large wp-image-3735\" alt=\"\" srcset=\"https:\/\/javnost.rs\/wp-content\/uploads\/2024\/03\/crkvapale3.jpg 1024w, https:\/\/javnost.rs\/wp-content\/uploads\/2024\/03\/crkvapale3-300x200.jpg 300w, https:\/\/javnost.rs\/wp-content\/uploads\/2024\/03\/crkvapale3-768x512.jpg 768w\" sizes=\"(max-width: 640px) 100vw, 640px\" \/>\t\t\t\t\t\t\t\t\t\t\t\t\t\t\t<\/div>\n\t\t\t\t<\/div>\n\t\t\t\t\t<\/div>\n\t\t\t\t<\/div>\n\t\t<div class=\"elementor-element elementor-element-3cf5357 e-flex e-con-boxed e-con e-parent\" data-id=\"3cf5357\" data-element_type=\"container\">\n\t\t\t\t\t<div class=\"e-con-inner\">\n\t\t\t\t<div class=\"elementor-element elementor-element-6b269ed elementor-widget elementor-widget-text-editor\" data-id=\"6b269ed\" data-element_type=\"widget\" data-widget_type=\"text-editor.default\">\n\t\t\t\t<div class=\"elementor-widget-container\">\n\t\t\t\t\t\t\t\t\t<p>Hram je bio sagra\u0111en ve\u0107 30. avgusta 1909. godine i posve\u0107en je Uspenju presvete Bogorodice \u2013 Velikoj Gospojini, koju Pale proslavljaju kao op\u0161tinsku slavu.<\/p><p>Ostalo je zapisano da su tog dana hiljade vjernika \u2013 mlado i staro, mu\u0161ko i \u017eensko, seljaci i gospoda, dojahale na konjima, doputovale vozom ili pje\u0161ke iz Gora\u017eda, Trnova, Fo\u010de, Sarajeva, Visokog, Zenice, Sokoca, Han Pijeska, Rogatice i Vi\u0161egrada, tako da se crkvi tokom sve\u010danog \u010dina osve\u0107enja te\u0161ko moglo pri\u0107i.<\/p><p>Na po\u010detku Prvog svjetskog rata 1914. godine, austrougarski vojnici su skinuli zvono sa hrama i otpremili ga u topionicu, \u0161to je bilo uobi\u010dajeno u to vrijeme. Paljanska crkva je na po\u010detku rata bila mjesto gdje su se zatvarali carski konji.<\/p><p>U Drugom svjetskom ratu, pune \u010detiri godine, plamtjela je vatra unutar hrama, s vremena na vrijeme, me\u0111u konjima, svecima i freskama.<\/p><p>Dijelovi oltara, svete knjige, knjige ro\u0111enih i umrlih, ljetopisi, povelje, krstionice, sve od \u010dega je mogla da se potpali vatra, izgorjelo je. Skrnave\u0107i hram, usta\u0161e su okretale likove svetaca prema zidu, da sveti ne vide njihove zlo\u010dine.<\/p><p>Nakon zavr\u0161etka Drugog svjetskog rata, Paljani su obnovili svoj hram.<\/p><p>Slava crkve je praznik Uspenje presvete Bogorodice 28. avgusta, a saborni dani Velika Gospojina 28. avgusta, Petrovdan 12. jula, Usjekovanje glave svetog Jovana Krstitelja 11. septembra.<\/p><p>Crkva je progla\u0161ena nacionalnim spomenikom Bosne i Hercegovine, a nacionalni spomenik sa\u010dinjavaju: crkva, pokretna imovina; ikonostas sa ikonama i Spomenik \u017ertvama iz Prvog svjetskog rata.<\/p>\t\t\t\t\t\t\t\t<\/div>\n\t\t\t\t<\/div>\n\t\t\t\t\t<\/div>\n\t\t\t\t<\/div>\n\t\t<div class=\"elementor-element elementor-element-3eaca1a e-flex e-con-boxed e-con e-parent\" data-id=\"3eaca1a\" data-element_type=\"container\">\n\t\t\t\t\t<div class=\"e-con-inner\">\n\t\t\t\t<div class=\"elementor-element elementor-element-5a14108 elementor-widget elementor-widget-text-editor\" data-id=\"5a14108\" data-element_type=\"widget\" data-widget_type=\"text-editor.default\">\n\t\t\t\t<div class=\"elementor-widget-container\">\n\t\t\t\t\t\t\t\t\t<p>Izvor i foto: RTVIS<\/p>\t\t\t\t\t\t\t\t<\/div>\n\t\t\t\t<\/div>\n\t\t\t\t\t<\/div>\n\t\t\t\t<\/div>\n\t\t\t\t<\/div>\n\t\t","protected":false},"excerpt":{"rendered":"<p>Crkva Uspenja presvete Bogorodice na Palama podignuta je 1909. godine, a projektant crkve bio je mladi slikar Lazar Drlja\u010da, \u010diji je ovo jedini izvedeni arhitektonski projekat. Inicijativa i najve\u0107a zasluga za izgradnju crkve pripada prvom paljanskom sve\u0161teniku \u0110or\u0111u Grabe\u017eu i tada\u0161njem crkveno\u0161kolskom odboru. Sve\u0161tenik \u0110or\u0111e bio je otac Trifka Grabe\u017ea, \u010dlana Mlade Bosne i jednog [&hellip;]<\/p>\n","protected":false},"author":1,"featured_media":3732,"comment_status":"closed","ping_status":"closed","sticky":false,"template":"","format":"standard","meta":{"footnotes":""},"categories":[102],"tags":[],"class_list":["post-3731","post","type-post","status-publish","format-standard","has-post-thumbnail","hentry","category-istorija"],"aioseo_notices":[],"_links":{"self":[{"href":"https:\/\/javnost.rs\/index.php?rest_route=\/wp\/v2\/posts\/3731","targetHints":{"allow":["GET"]}}],"collection":[{"href":"https:\/\/javnost.rs\/index.php?rest_route=\/wp\/v2\/posts"}],"about":[{"href":"https:\/\/javnost.rs\/index.php?rest_route=\/wp\/v2\/types\/post"}],"author":[{"embeddable":true,"href":"https:\/\/javnost.rs\/index.php?rest_route=\/wp\/v2\/users\/1"}],"replies":[{"embeddable":true,"href":"https:\/\/javnost.rs\/index.php?rest_route=%2Fwp%2Fv2%2Fcomments&post=3731"}],"version-history":[{"count":4,"href":"https:\/\/javnost.rs\/index.php?rest_route=\/wp\/v2\/posts\/3731\/revisions"}],"predecessor-version":[{"id":3738,"href":"https:\/\/javnost.rs\/index.php?rest_route=\/wp\/v2\/posts\/3731\/revisions\/3738"}],"wp:featuredmedia":[{"embeddable":true,"href":"https:\/\/javnost.rs\/index.php?rest_route=\/wp\/v2\/media\/3732"}],"wp:attachment":[{"href":"https:\/\/javnost.rs\/index.php?rest_route=%2Fwp%2Fv2%2Fmedia&parent=3731"}],"wp:term":[{"taxonomy":"category","embeddable":true,"href":"https:\/\/javnost.rs\/index.php?rest_route=%2Fwp%2Fv2%2Fcategories&post=3731"},{"taxonomy":"post_tag","embeddable":true,"href":"https:\/\/javnost.rs\/index.php?rest_route=%2Fwp%2Fv2%2Ftags&post=3731"}],"curies":[{"name":"wp","href":"https:\/\/api.w.org\/{rel}","templated":true}]}}