{"id":3716,"date":"2024-03-10T14:22:13","date_gmt":"2024-03-10T13:22:13","guid":{"rendered":"https:\/\/javnost.rs\/?p=3716"},"modified":"2024-03-10T14:30:49","modified_gmt":"2024-03-10T13:30:49","slug":"romanijska-lazarica-skoro-150-godina-svjedok-istorije-sokoca","status":"publish","type":"post","link":"https:\/\/javnost.rs\/?p=3716","title":{"rendered":"ROMANIJSKA LAZARICA \u2013 SKORO 150 GODINA SVJEDOK ISTORIJE SOKOCA"},"content":{"rendered":"\t\t<div data-elementor-type=\"wp-post\" data-elementor-id=\"3716\" class=\"elementor elementor-3716\">\n\t\t\t\t<div class=\"elementor-element elementor-element-670b7cc e-flex e-con-boxed e-con e-parent\" data-id=\"670b7cc\" data-element_type=\"container\">\n\t\t\t\t\t<div class=\"e-con-inner\">\n\t\t\t\t<div class=\"elementor-element elementor-element-56db8df elementor-widget elementor-widget-text-editor\" data-id=\"56db8df\" data-element_type=\"widget\" data-widget_type=\"text-editor.default\">\n\t\t\t\t<div class=\"elementor-widget-container\">\n\t\t\t\t\t\t\t\t\t<p><strong>Crkva Svetog Ilije na Sokocu gra\u0111ena je od 1876. do 1882. godine, iako je, prema kazivanjima Rista \u010cajkanovi\u0107a, jednog od prvih u\u010detelja Srpske \u0161kole u Sokocu, gradnja hrama po\u010dela 27. juna 1873. godine.<\/strong><\/p>\t\t\t\t\t\t\t\t<\/div>\n\t\t\t\t<\/div>\n\t\t\t\t\t<\/div>\n\t\t\t\t<\/div>\n\t\t<div class=\"elementor-element elementor-element-c0d6b08 e-flex e-con-boxed e-con e-parent\" data-id=\"c0d6b08\" data-element_type=\"container\">\n\t\t\t\t\t<div class=\"e-con-inner\">\n\t\t\t\t<div class=\"elementor-element elementor-element-240bfa8 elementor-widget elementor-widget-text-editor\" data-id=\"240bfa8\" data-element_type=\"widget\" data-widget_type=\"text-editor.default\">\n\t\t\t\t<div class=\"elementor-widget-container\">\n\t\t\t\t\t\t\t\t\t<p>Prvo osve\u0107enje crkve Svetog proroka Ilije u Sokocu obavio je mitropolit Dabrobosanski Sava Kosanovi\u0107. O samom \u010dinu osve\u0107enja postoji sa\u010duvan dokument napisan 5. avgusta 1881. godine. Autor Milo\u0161 Martinovi\u0107 opisao je dolazak mitropolita Dabrobosanskog Save Kosanovi\u0107a, koga je, kako stoji u tom tekstu, u Sokocu do\u010dekalo izme\u0111u osam i deset hiljada ljudi.<\/p>\t\t\t\t\t\t\t\t<\/div>\n\t\t\t\t<\/div>\n\t\t\t\t<div class=\"elementor-element elementor-element-fc9dc1e elementor-widget elementor-widget-image\" data-id=\"fc9dc1e\" data-element_type=\"widget\" data-widget_type=\"image.default\">\n\t\t\t\t<div class=\"elementor-widget-container\">\n\t\t\t\t\t\t\t\t\t\t\t\t\t\t\t<img fetchpriority=\"high\" decoding=\"async\" width=\"640\" height=\"426\" src=\"https:\/\/javnost.rs\/wp-content\/uploads\/2024\/03\/lazarica2.jpg\" class=\"attachment-large size-large wp-image-3720\" alt=\"\" srcset=\"https:\/\/javnost.rs\/wp-content\/uploads\/2024\/03\/lazarica2.jpg 800w, https:\/\/javnost.rs\/wp-content\/uploads\/2024\/03\/lazarica2-300x200.jpg 300w, https:\/\/javnost.rs\/wp-content\/uploads\/2024\/03\/lazarica2-768x512.jpg 768w\" sizes=\"(max-width: 640px) 100vw, 640px\" \/>\t\t\t\t\t\t\t\t\t\t\t\t\t\t\t<\/div>\n\t\t\t\t<\/div>\n\t\t\t\t\t<\/div>\n\t\t\t\t<\/div>\n\t\t<div class=\"elementor-element elementor-element-86a3b7a e-flex e-con-boxed e-con e-parent\" data-id=\"86a3b7a\" data-element_type=\"container\">\n\t\t\t\t\t<div class=\"e-con-inner\">\n\t\t\t\t<div class=\"elementor-element elementor-element-ae4d1ea elementor-widget elementor-widget-text-editor\" data-id=\"ae4d1ea\" data-element_type=\"widget\" data-widget_type=\"text-editor.default\">\n\t\t\t\t<div class=\"elementor-widget-container\">\n\t\t\t\t\t\t\t\t\t<p>O samom osve\u0107enju Martinovi\u0107 je napisao:<\/p><p>\u201eNarod bija\u0161e, \u010duv\u0161i glas zvona, veoma dirnut, jer sa malim iznimkama bija\u0161e ih najvi\u0161e koji u svom \u017eivotu nikada bistre zvukove zvona \u010duli nisu\u2026\u201c<\/p>\t\t\t\t\t\t\t\t<\/div>\n\t\t\t\t<\/div>\n\t\t\t\t\t<\/div>\n\t\t\t\t<\/div>\n\t\t<div class=\"elementor-element elementor-element-7c7c5ed e-flex e-con-boxed e-con e-parent\" data-id=\"7c7c5ed\" data-element_type=\"container\">\n\t\t\t\t\t<div class=\"e-con-inner\">\n\t\t\t\t<div class=\"elementor-element elementor-element-bc6bdf2 elementor-widget elementor-widget-image\" data-id=\"bc6bdf2\" data-element_type=\"widget\" data-widget_type=\"image.default\">\n\t\t\t\t<div class=\"elementor-widget-container\">\n\t\t\t\t\t\t\t\t\t\t\t\t\t\t\t<img decoding=\"async\" width=\"640\" height=\"426\" src=\"https:\/\/javnost.rs\/wp-content\/uploads\/2024\/03\/lazarica3.jpg\" class=\"attachment-large size-large wp-image-3721\" alt=\"\" srcset=\"https:\/\/javnost.rs\/wp-content\/uploads\/2024\/03\/lazarica3.jpg 800w, https:\/\/javnost.rs\/wp-content\/uploads\/2024\/03\/lazarica3-300x200.jpg 300w, https:\/\/javnost.rs\/wp-content\/uploads\/2024\/03\/lazarica3-768x512.jpg 768w\" sizes=\"(max-width: 640px) 100vw, 640px\" \/>\t\t\t\t\t\t\t\t\t\t\t\t\t\t\t<\/div>\n\t\t\t\t<\/div>\n\t\t\t\t\t<\/div>\n\t\t\t\t<\/div>\n\t\t<div class=\"elementor-element elementor-element-3b720db e-flex e-con-boxed e-con e-parent\" data-id=\"3b720db\" data-element_type=\"container\">\n\t\t\t\t\t<div class=\"e-con-inner\">\n\t\t\t\t<div class=\"elementor-element elementor-element-bcb97b7 elementor-widget elementor-widget-text-editor\" data-id=\"bcb97b7\" data-element_type=\"widget\" data-widget_type=\"text-editor.default\">\n\t\t\t\t<div class=\"elementor-widget-container\">\n\t\t\t\t\t\t\t\t\t<p>\u017divopis i ikone u crkvi uradio je izme\u0111u dva rata slikar Roman Petrovi\u0107. Aprila meseca 1941. godine crkvu su bombardovali njema\u010dki avioni, a u po\u017earu je stradao \u017eivopis i ikonostas sa crkvenim inventarom. Istovremeno, usta\u0161e su u parohijskom domu uni\u0161tile crkvenu arhivu. Zbog usta\u0161kog terora sve\u0161tenici i mnogi vjernici su napustili parohiju i sklonili se u Srbiju.<\/p><p>Po zavr\u0161etku rata, parohijani su se vratili na zgari\u0161ta svojih domova. Vratio se i sve\u0161tenik Veljko Mijatovi\u0107, koga su streljali partizani 1946. godine.<\/p>\t\t\t\t\t\t\t\t<\/div>\n\t\t\t\t<\/div>\n\t\t\t\t\t<\/div>\n\t\t\t\t<\/div>\n\t\t<div class=\"elementor-element elementor-element-be77be5 e-flex e-con-boxed e-con e-parent\" data-id=\"be77be5\" data-element_type=\"container\">\n\t\t\t\t\t<div class=\"e-con-inner\">\n\t\t\t\t<div class=\"elementor-element elementor-element-aaf358c elementor-widget elementor-widget-image\" data-id=\"aaf358c\" data-element_type=\"widget\" data-widget_type=\"image.default\">\n\t\t\t\t<div class=\"elementor-widget-container\">\n\t\t\t\t\t\t\t\t\t\t\t\t\t\t\t<img decoding=\"async\" width=\"640\" height=\"480\" src=\"https:\/\/javnost.rs\/wp-content\/uploads\/2024\/03\/lazarica4.jpg\" class=\"attachment-large size-large wp-image-3722\" alt=\"\" srcset=\"https:\/\/javnost.rs\/wp-content\/uploads\/2024\/03\/lazarica4.jpg 800w, https:\/\/javnost.rs\/wp-content\/uploads\/2024\/03\/lazarica4-300x225.jpg 300w, https:\/\/javnost.rs\/wp-content\/uploads\/2024\/03\/lazarica4-768x576.jpg 768w\" sizes=\"(max-width: 640px) 100vw, 640px\" \/>\t\t\t\t\t\t\t\t\t\t\t\t\t\t\t<\/div>\n\t\t\t\t<\/div>\n\t\t\t\t\t<\/div>\n\t\t\t\t<\/div>\n\t\t<div class=\"elementor-element elementor-element-f5a2605 e-flex e-con-boxed e-con e-parent\" data-id=\"f5a2605\" data-element_type=\"container\">\n\t\t\t\t\t<div class=\"e-con-inner\">\n\t\t\t\t<div class=\"elementor-element elementor-element-9203f19 elementor-widget elementor-widget-text-editor\" data-id=\"9203f19\" data-element_type=\"widget\" data-widget_type=\"text-editor.default\">\n\t\t\t\t<div class=\"elementor-widget-container\">\n\t\t\t\t\t\t\t\t\t<p>Drugi sve\u0161tenik Milo\u0161 Jev\u0111evi\u0107 je napustio sve\u0161teni\u010dku slu\u017ebu, pa je parohija ostala bez stalnog sve\u0161tenika. Od 1946. do 1949. godine komunisti\u010dke vlasti su pretvorile crkvu u \u017eitni magacin.<\/p><p>Protojerej Dragoljub Savi\u0107 iz Sarajeva je od 1949. do 1967. godine opslu\u017eivao parohiju ali mu vlasti nisu dozvolile da vr\u0161i bogoslu\u017eenja. Dolaskom jereja Milosava Vidakovi\u0107a za stalnog paroha 1967. godine situacija se promenila. Obnovljena je crkva i parohijski dom.<\/p>\t\t\t\t\t\t\t\t<\/div>\n\t\t\t\t<\/div>\n\t\t\t\t\t<\/div>\n\t\t\t\t<\/div>\n\t\t<div class=\"elementor-element elementor-element-7fd032c e-flex e-con-boxed e-con e-parent\" data-id=\"7fd032c\" data-element_type=\"container\">\n\t\t\t\t\t<div class=\"e-con-inner\">\n\t\t\t\t<div class=\"elementor-element elementor-element-d2fe70a elementor-widget elementor-widget-image\" data-id=\"d2fe70a\" data-element_type=\"widget\" data-widget_type=\"image.default\">\n\t\t\t\t<div class=\"elementor-widget-container\">\n\t\t\t\t\t\t\t\t\t\t\t\t\t\t\t<img loading=\"lazy\" decoding=\"async\" width=\"640\" height=\"480\" src=\"https:\/\/javnost.rs\/wp-content\/uploads\/2024\/03\/lazarica5.jpg\" class=\"attachment-large size-large wp-image-3723\" alt=\"\" srcset=\"https:\/\/javnost.rs\/wp-content\/uploads\/2024\/03\/lazarica5.jpg 800w, https:\/\/javnost.rs\/wp-content\/uploads\/2024\/03\/lazarica5-300x225.jpg 300w, https:\/\/javnost.rs\/wp-content\/uploads\/2024\/03\/lazarica5-768x576.jpg 768w\" sizes=\"(max-width: 640px) 100vw, 640px\" \/>\t\t\t\t\t\t\t\t\t\t\t\t\t\t\t<\/div>\n\t\t\t\t<\/div>\n\t\t\t\t\t<\/div>\n\t\t\t\t<\/div>\n\t\t<div class=\"elementor-element elementor-element-2b16ec5 e-flex e-con-boxed e-con e-parent\" data-id=\"2b16ec5\" data-element_type=\"container\">\n\t\t\t\t\t<div class=\"e-con-inner\">\n\t\t\t\t<div class=\"elementor-element elementor-element-daa1c79 elementor-widget elementor-widget-text-editor\" data-id=\"daa1c79\" data-element_type=\"widget\" data-widget_type=\"text-editor.default\">\n\t\t\t\t<div class=\"elementor-widget-container\">\n\t\t\t\t\t\t\t\t\t<p>Malo osve\u0107enje crkve izvr\u0161io je na Pokrov 1971. godine mitropolit Dabrobosanski Vladislav.Za proslavu stogodi\u0161njice crkve na pod su stavljene kerami\u010dke plo\u010dice i ura\u0111en je nov ikonostas. Ikonostas od javorovog drveta izradio je Milivoje Rudovi\u0107, duborezac iz sela Jelovci kod Han Pijeska. Ikone na platnu je izradio Dragoslav\u2013Pavle Aksentijevi\u0107, akademski slikar iz Beograda. Novi ikonostas je osvetio mitropolit Vladislav 1981. godine.<\/p><p>Tokom rata u BiH 1992. godine umro je mitropolit Vladislav u izbegli\u0161tvu u Srbiji. Za mitropolita Dabrobosanskog izabran je episkop Dalmatinski Nikolaj (Mr\u0111a).<\/p>\t\t\t\t\t\t\t\t<\/div>\n\t\t\t\t<\/div>\n\t\t\t\t\t<\/div>\n\t\t\t\t<\/div>\n\t\t<div class=\"elementor-element elementor-element-b3d5272 e-flex e-con-boxed e-con e-parent\" data-id=\"b3d5272\" data-element_type=\"container\">\n\t\t\t\t\t<div class=\"e-con-inner\">\n\t\t\t\t<div class=\"elementor-element elementor-element-76ed8e7 elementor-widget elementor-widget-image\" data-id=\"76ed8e7\" data-element_type=\"widget\" data-widget_type=\"image.default\">\n\t\t\t\t<div class=\"elementor-widget-container\">\n\t\t\t\t\t\t\t\t\t\t\t\t\t\t\t<img loading=\"lazy\" decoding=\"async\" width=\"640\" height=\"480\" src=\"https:\/\/javnost.rs\/wp-content\/uploads\/2024\/03\/lazarica6.jpg\" class=\"attachment-large size-large wp-image-3724\" alt=\"\" srcset=\"https:\/\/javnost.rs\/wp-content\/uploads\/2024\/03\/lazarica6.jpg 800w, https:\/\/javnost.rs\/wp-content\/uploads\/2024\/03\/lazarica6-300x225.jpg 300w, https:\/\/javnost.rs\/wp-content\/uploads\/2024\/03\/lazarica6-768x576.jpg 768w\" sizes=\"(max-width: 640px) 100vw, 640px\" \/>\t\t\t\t\t\t\t\t\t\t\t\t\t\t\t<\/div>\n\t\t\t\t<\/div>\n\t\t\t\t\t<\/div>\n\t\t\t\t<\/div>\n\t\t<div class=\"elementor-element elementor-element-8401f0d e-flex e-con-boxed e-con e-parent\" data-id=\"8401f0d\" data-element_type=\"container\">\n\t\t\t\t\t<div class=\"e-con-inner\">\n\t\t\t\t<div class=\"elementor-element elementor-element-d3a3d0a elementor-widget elementor-widget-text-editor\" data-id=\"d3a3d0a\" data-element_type=\"widget\" data-widget_type=\"text-editor.default\">\n\t\t\t\t<div class=\"elementor-widget-container\">\n\t\t\t\t\t\t\t\t\t<p>Zbog ratnog stanja mitropolit Nikolaj je privremeno prenio sjedi\u0161te Mitropolije na Sokolac, a time je crkva Sv. proroka Ilije postala saborna.<\/p><p>Odlukom mitropolita Nikolaja, crkva Sv. proroka Ilije nazvana je Romanijska Lazarica. Od tada, u nedjelju po Vidovdanu, na nivou eparhije, kod crkve se odr\u017eava duhovni sabor posve\u0107en Vidovdanu.<\/p><p>Crkva je pod za\u0161titom Zavoda kulturnih dobara Republike Srpske.<\/p>\t\t\t\t\t\t\t\t<\/div>\n\t\t\t\t<\/div>\n\t\t\t\t\t<\/div>\n\t\t\t\t<\/div>\n\t\t<div class=\"elementor-element elementor-element-827e37e e-flex e-con-boxed e-con e-parent\" data-id=\"827e37e\" data-element_type=\"container\">\n\t\t\t\t\t<div class=\"e-con-inner\">\n\t\t\t\t<div class=\"elementor-element elementor-element-9fcf2cd elementor-widget elementor-widget-text-editor\" data-id=\"9fcf2cd\" data-element_type=\"widget\" data-widget_type=\"text-editor.default\">\n\t\t\t\t<div class=\"elementor-widget-container\">\n\t\t\t\t\t\t\t\t\t<p><span style=\"font-family: 'Red Hat Display', sans-serif; text-align: justify;\">Izvor i foto: RTVIS<\/span><\/p>\t\t\t\t\t\t\t\t<\/div>\n\t\t\t\t<\/div>\n\t\t\t\t\t<\/div>\n\t\t\t\t<\/div>\n\t\t\t\t<\/div>\n\t\t","protected":false},"excerpt":{"rendered":"<p>Crkva Svetog Ilije na Sokocu gra\u0111ena je od 1876. do 1882. godine, iako je, prema kazivanjima Rista \u010cajkanovi\u0107a, jednog od prvih u\u010detelja Srpske \u0161kole u Sokocu, gradnja hrama po\u010dela 27. juna 1873. godine. Prvo osve\u0107enje crkve Svetog proroka Ilije u Sokocu obavio je mitropolit Dabrobosanski Sava Kosanovi\u0107. O samom \u010dinu osve\u0107enja postoji sa\u010duvan dokument napisan [&hellip;]<\/p>\n","protected":false},"author":1,"featured_media":3717,"comment_status":"closed","ping_status":"closed","sticky":false,"template":"","format":"standard","meta":{"footnotes":""},"categories":[102],"tags":[],"class_list":["post-3716","post","type-post","status-publish","format-standard","has-post-thumbnail","hentry","category-istorija"],"aioseo_notices":[],"_links":{"self":[{"href":"https:\/\/javnost.rs\/index.php?rest_route=\/wp\/v2\/posts\/3716","targetHints":{"allow":["GET"]}}],"collection":[{"href":"https:\/\/javnost.rs\/index.php?rest_route=\/wp\/v2\/posts"}],"about":[{"href":"https:\/\/javnost.rs\/index.php?rest_route=\/wp\/v2\/types\/post"}],"author":[{"embeddable":true,"href":"https:\/\/javnost.rs\/index.php?rest_route=\/wp\/v2\/users\/1"}],"replies":[{"embeddable":true,"href":"https:\/\/javnost.rs\/index.php?rest_route=%2Fwp%2Fv2%2Fcomments&post=3716"}],"version-history":[{"count":7,"href":"https:\/\/javnost.rs\/index.php?rest_route=\/wp\/v2\/posts\/3716\/revisions"}],"predecessor-version":[{"id":3730,"href":"https:\/\/javnost.rs\/index.php?rest_route=\/wp\/v2\/posts\/3716\/revisions\/3730"}],"wp:featuredmedia":[{"embeddable":true,"href":"https:\/\/javnost.rs\/index.php?rest_route=\/wp\/v2\/media\/3717"}],"wp:attachment":[{"href":"https:\/\/javnost.rs\/index.php?rest_route=%2Fwp%2Fv2%2Fmedia&parent=3716"}],"wp:term":[{"taxonomy":"category","embeddable":true,"href":"https:\/\/javnost.rs\/index.php?rest_route=%2Fwp%2Fv2%2Fcategories&post=3716"},{"taxonomy":"post_tag","embeddable":true,"href":"https:\/\/javnost.rs\/index.php?rest_route=%2Fwp%2Fv2%2Ftags&post=3716"}],"curies":[{"name":"wp","href":"https:\/\/api.w.org\/{rel}","templated":true}]}}