{"id":3706,"date":"2024-03-10T14:11:12","date_gmt":"2024-03-10T13:11:12","guid":{"rendered":"https:\/\/javnost.rs\/?p=3706"},"modified":"2024-03-10T14:17:38","modified_gmt":"2024-03-10T13:17:38","slug":"premijerno-prikazan-dokumentarni-film-garavice-foto","status":"publish","type":"post","link":"https:\/\/javnost.rs\/?p=3706","title":{"rendered":"Premijerno prikazan dokumentarni film Garavice (Foto)"},"content":{"rendered":"\t\t<div data-elementor-type=\"wp-post\" data-elementor-id=\"3706\" class=\"elementor elementor-3706\">\n\t\t\t\t<div class=\"elementor-element elementor-element-13d8b0f e-flex e-con-boxed e-con e-parent\" data-id=\"13d8b0f\" data-element_type=\"container\">\n\t\t\t\t\t<div class=\"e-con-inner\">\n\t\t\t\t<div class=\"elementor-element elementor-element-f35fc90 elementor-widget elementor-widget-text-editor\" data-id=\"f35fc90\" data-element_type=\"widget\" data-widget_type=\"text-editor.default\">\n\t\t\t\t<div class=\"elementor-widget-container\">\n\t\t\t\t\t\t\t\t\t<p><strong>Dokumentarni film GARAVICE prikazan je 21. februara 2024. godine u Beogradu. Premijerno prikazivanje u MTS Dvorani organizovala je, po blagoslovu njegove svetosti patrijarha srpskog g. Porfirija, Informativna Slu\u017eba Srpske Pravoslavne Crkve.<\/strong><\/p>\t\t\t\t\t\t\t\t<\/div>\n\t\t\t\t<\/div>\n\t\t\t\t\t<\/div>\n\t\t\t\t<\/div>\n\t\t<div class=\"elementor-element elementor-element-e301377 e-flex e-con-boxed e-con e-parent\" data-id=\"e301377\" data-element_type=\"container\">\n\t\t\t\t\t<div class=\"e-con-inner\">\n\t\t\t\t<div class=\"elementor-element elementor-element-d1b991d elementor-widget elementor-widget-image\" data-id=\"d1b991d\" data-element_type=\"widget\" data-widget_type=\"image.default\">\n\t\t\t\t<div class=\"elementor-widget-container\">\n\t\t\t\t\t\t\t\t\t\t\t\t\t\t\t\t<a href=\"https:\/\/javnost.rs\/wp-content\/uploads\/2024\/03\/garavice2.jpg\" data-elementor-open-lightbox=\"yes\" data-elementor-lightbox-title=\"garavice2\" data-e-action-hash=\"#elementor-action%3Aaction%3Dlightbox%26settings%3DeyJpZCI6MzcwOSwidXJsIjoiaHR0cHM6XC9cL2phdm5vc3QucnNcL3dwLWNvbnRlbnRcL3VwbG9hZHNcLzIwMjRcLzAzXC9nYXJhdmljZTIuanBnIn0%3D\">\n\t\t\t\t\t\t\t<img fetchpriority=\"high\" decoding=\"async\" width=\"640\" height=\"427\" src=\"https:\/\/javnost.rs\/wp-content\/uploads\/2024\/03\/garavice2-768x512.jpg\" class=\"attachment-medium_large size-medium_large wp-image-3709\" alt=\"\" srcset=\"https:\/\/javnost.rs\/wp-content\/uploads\/2024\/03\/garavice2-768x512.jpg 768w, https:\/\/javnost.rs\/wp-content\/uploads\/2024\/03\/garavice2-300x200.jpg 300w, https:\/\/javnost.rs\/wp-content\/uploads\/2024\/03\/garavice2-1024x683.jpg 1024w, https:\/\/javnost.rs\/wp-content\/uploads\/2024\/03\/garavice2.jpg 1080w\" sizes=\"(max-width: 640px) 100vw, 640px\" \/>\t\t\t\t\t\t\t\t<\/a>\n\t\t\t\t\t\t\t\t\t\t\t\t\t\t\t<\/div>\n\t\t\t\t<\/div>\n\t\t\t\t\t<\/div>\n\t\t\t\t<\/div>\n\t\t<div class=\"elementor-element elementor-element-55a9492 e-flex e-con-boxed e-con e-parent\" data-id=\"55a9492\" data-element_type=\"container\">\n\t\t\t\t\t<div class=\"e-con-inner\">\n\t\t\t\t<div class=\"elementor-element elementor-element-9fd71d4 elementor-widget elementor-widget-text-editor\" data-id=\"9fd71d4\" data-element_type=\"widget\" data-widget_type=\"text-editor.default\">\n\t\t\t\t<div class=\"elementor-widget-container\">\n\t\t\t\t\t\t\t\t\t<p>Tom prilikom, njegova svetost patrijarh istakao je da se kroz film Garavice posle osam decenija susre\u0107emo sa jo\u0161 jednom utamni\u010denom tragedijom na\u0161eg naroda i bolnom istinom koja je planski bila izme\u0161tena u prostor nepo\u017eeljnih tema i sferu koja na dugoro\u010dnom planu obezbe\u0111uje zaborav, a zapravo je re\u010d o zlo\u010dinu pred \u010dijim razmerama ostajemo bez re\u010di i daha.<\/p>\t\t\t\t\t\t\t\t<\/div>\n\t\t\t\t<\/div>\n\t\t\t\t\t<\/div>\n\t\t\t\t<\/div>\n\t\t<div class=\"elementor-element elementor-element-82eafbc e-flex e-con-boxed e-con e-parent\" data-id=\"82eafbc\" data-element_type=\"container\">\n\t\t\t\t\t<div class=\"e-con-inner\">\n\t\t\t\t<div class=\"elementor-element elementor-element-aee61ad elementor-widget elementor-widget-image\" data-id=\"aee61ad\" data-element_type=\"widget\" data-widget_type=\"image.default\">\n\t\t\t\t<div class=\"elementor-widget-container\">\n\t\t\t\t\t\t\t\t\t\t\t\t\t\t\t\t<a href=\"https:\/\/javnost.rs\/wp-content\/uploads\/2024\/03\/garavice3.jpg\" data-elementor-open-lightbox=\"yes\" data-elementor-lightbox-title=\"garavice3\" data-e-action-hash=\"#elementor-action%3Aaction%3Dlightbox%26settings%3DeyJpZCI6MzcxMCwidXJsIjoiaHR0cHM6XC9cL2phdm5vc3QucnNcL3dwLWNvbnRlbnRcL3VwbG9hZHNcLzIwMjRcLzAzXC9nYXJhdmljZTMuanBnIn0%3D\">\n\t\t\t\t\t\t\t<img decoding=\"async\" width=\"640\" height=\"427\" src=\"https:\/\/javnost.rs\/wp-content\/uploads\/2024\/03\/garavice3-768x512.jpg\" class=\"attachment-medium_large size-medium_large wp-image-3710\" alt=\"\" srcset=\"https:\/\/javnost.rs\/wp-content\/uploads\/2024\/03\/garavice3-768x512.jpg 768w, https:\/\/javnost.rs\/wp-content\/uploads\/2024\/03\/garavice3-300x200.jpg 300w, https:\/\/javnost.rs\/wp-content\/uploads\/2024\/03\/garavice3-1024x683.jpg 1024w, https:\/\/javnost.rs\/wp-content\/uploads\/2024\/03\/garavice3.jpg 1080w\" sizes=\"(max-width: 640px) 100vw, 640px\" \/>\t\t\t\t\t\t\t\t<\/a>\n\t\t\t\t\t\t\t\t\t\t\t\t\t\t\t<\/div>\n\t\t\t\t<\/div>\n\t\t\t\t\t<\/div>\n\t\t\t\t<\/div>\n\t\t<div class=\"elementor-element elementor-element-a7a5984 e-flex e-con-boxed e-con e-parent\" data-id=\"a7a5984\" data-element_type=\"container\">\n\t\t\t\t\t<div class=\"e-con-inner\">\n\t\t\t\t<div class=\"elementor-element elementor-element-911ae3d elementor-widget elementor-widget-text-editor\" data-id=\"911ae3d\" data-element_type=\"widget\" data-widget_type=\"text-editor.default\">\n\t\t\t\t<div class=\"elementor-widget-container\">\n\t\t\t\t\t\t\t\t\t<p>\u2013 Ubijani su redom: \u017eene, deca, starci. Zatrte su \u010ditave porodice, a jedini greh im je bio: srpsko ime i vera pravoslavna. Naro\u010dito je, za mene, potresna \u010dinjenica da su ve\u010deras sa nama i tri pre\u017eivela svedoka ovih zlo\u010dina biblijskih razmera, ali svedoka koji celi svoj \u017eivot nose krst stradanja i slavu vaskrsenja, pojasnio je svetej\u0161i patrijarh.<\/p>\t\t\t\t\t\t\t\t<\/div>\n\t\t\t\t<\/div>\n\t\t\t\t\t<\/div>\n\t\t\t\t<\/div>\n\t\t<div class=\"elementor-element elementor-element-a1acc48 e-flex e-con-boxed e-con e-parent\" data-id=\"a1acc48\" data-element_type=\"container\">\n\t\t\t\t\t<div class=\"e-con-inner\">\n\t\t\t\t<div class=\"elementor-element elementor-element-49e6c84 elementor-widget elementor-widget-image\" data-id=\"49e6c84\" data-element_type=\"widget\" data-widget_type=\"image.default\">\n\t\t\t\t<div class=\"elementor-widget-container\">\n\t\t\t\t\t\t\t\t\t\t\t\t\t\t\t\t<a href=\"https:\/\/javnost.rs\/wp-content\/uploads\/2024\/03\/garavice4.jpg\" data-elementor-open-lightbox=\"yes\" data-elementor-lightbox-title=\"garavice4\" data-e-action-hash=\"#elementor-action%3Aaction%3Dlightbox%26settings%3DeyJpZCI6MzcxMSwidXJsIjoiaHR0cHM6XC9cL2phdm5vc3QucnNcL3dwLWNvbnRlbnRcL3VwbG9hZHNcLzIwMjRcLzAzXC9nYXJhdmljZTQuanBnIn0%3D\">\n\t\t\t\t\t\t\t<img decoding=\"async\" width=\"640\" height=\"427\" src=\"https:\/\/javnost.rs\/wp-content\/uploads\/2024\/03\/garavice4-768x512.jpg\" class=\"attachment-medium_large size-medium_large wp-image-3711\" alt=\"\" srcset=\"https:\/\/javnost.rs\/wp-content\/uploads\/2024\/03\/garavice4-768x512.jpg 768w, https:\/\/javnost.rs\/wp-content\/uploads\/2024\/03\/garavice4-300x200.jpg 300w, https:\/\/javnost.rs\/wp-content\/uploads\/2024\/03\/garavice4-1024x683.jpg 1024w, https:\/\/javnost.rs\/wp-content\/uploads\/2024\/03\/garavice4.jpg 1080w\" sizes=\"(max-width: 640px) 100vw, 640px\" \/>\t\t\t\t\t\t\t\t<\/a>\n\t\t\t\t\t\t\t\t\t\t\t\t\t\t\t<\/div>\n\t\t\t\t<\/div>\n\t\t\t\t\t<\/div>\n\t\t\t\t<\/div>\n\t\t<div class=\"elementor-element elementor-element-ea20eee e-flex e-con-boxed e-con e-parent\" data-id=\"ea20eee\" data-element_type=\"container\">\n\t\t\t\t\t<div class=\"e-con-inner\">\n\t\t\t\t<div class=\"elementor-element elementor-element-e06303d elementor-widget elementor-widget-text-editor\" data-id=\"e06303d\" data-element_type=\"widget\" data-widget_type=\"text-editor.default\">\n\t\t\t\t<div class=\"elementor-widget-container\">\n\t\t\t\t\t\t\t\t\t<p style=\"text-align: justify;\">Dragan Radovi\u0107, autor dokumentarnog filma \u201cGaravice\u201d i predsjednik Fondacije \u201cZaboravljeni korijeni\u201d, u svom obra\u0107anju govorio je o istra\u017eivanju i pripremi dokumentarnog filma, kao i prire\u0111ivanju istorijskog romana \u201cKorana ko rana\u201d. Tada je predstavio i postignute rezultate nakon podr\u0161ke i uplate donacije predsjednika Republike Srpske g. Milorada Dodika Fondaciji \u201cZaboravljeni korijeni\u201d.<\/p>\t\t\t\t\t\t\t\t<\/div>\n\t\t\t\t<\/div>\n\t\t\t\t\t<\/div>\n\t\t\t\t<\/div>\n\t\t<div class=\"elementor-element elementor-element-8f9a671 e-flex e-con-boxed e-con e-parent\" data-id=\"8f9a671\" data-element_type=\"container\">\n\t\t\t\t\t<div class=\"e-con-inner\">\n\t\t\t\t<div class=\"elementor-element elementor-element-f8f963c elementor-widget elementor-widget-text-editor\" data-id=\"f8f963c\" data-element_type=\"widget\" data-widget_type=\"text-editor.default\">\n\t\t\t\t<div class=\"elementor-widget-container\">\n\t\t\t\t\t\t\t\t\t<p><span style=\"font-family: &quot;Red Hat Display&quot;, sans-serif; text-align: justify;\">Izvor i foto: RTVIS<\/span><br><\/p>\t\t\t\t\t\t\t\t<\/div>\n\t\t\t\t<\/div>\n\t\t\t\t\t<\/div>\n\t\t\t\t<\/div>\n\t\t\t\t<\/div>\n\t\t","protected":false},"excerpt":{"rendered":"<p>Dokumentarni film GARAVICE prikazan je 21. februara 2024. godine u Beogradu. Premijerno prikazivanje u MTS Dvorani organizovala je, po blagoslovu njegove svetosti patrijarha srpskog g. Porfirija, Informativna Slu\u017eba Srpske Pravoslavne Crkve. Tom prilikom, njegova svetost patrijarh istakao je da se kroz film Garavice posle osam decenija susre\u0107emo sa jo\u0161 jednom utamni\u010denom tragedijom na\u0161eg naroda i [&hellip;]<\/p>\n","protected":false},"author":1,"featured_media":3707,"comment_status":"closed","ping_status":"closed","sticky":false,"template":"","format":"standard","meta":{"footnotes":""},"categories":[78],"tags":[],"class_list":["post-3706","post","type-post","status-publish","format-standard","has-post-thumbnail","hentry","category-film"],"aioseo_notices":[],"_links":{"self":[{"href":"https:\/\/javnost.rs\/index.php?rest_route=\/wp\/v2\/posts\/3706","targetHints":{"allow":["GET"]}}],"collection":[{"href":"https:\/\/javnost.rs\/index.php?rest_route=\/wp\/v2\/posts"}],"about":[{"href":"https:\/\/javnost.rs\/index.php?rest_route=\/wp\/v2\/types\/post"}],"author":[{"embeddable":true,"href":"https:\/\/javnost.rs\/index.php?rest_route=\/wp\/v2\/users\/1"}],"replies":[{"embeddable":true,"href":"https:\/\/javnost.rs\/index.php?rest_route=%2Fwp%2Fv2%2Fcomments&post=3706"}],"version-history":[{"count":4,"href":"https:\/\/javnost.rs\/index.php?rest_route=\/wp\/v2\/posts\/3706\/revisions"}],"predecessor-version":[{"id":3714,"href":"https:\/\/javnost.rs\/index.php?rest_route=\/wp\/v2\/posts\/3706\/revisions\/3714"}],"wp:featuredmedia":[{"embeddable":true,"href":"https:\/\/javnost.rs\/index.php?rest_route=\/wp\/v2\/media\/3707"}],"wp:attachment":[{"href":"https:\/\/javnost.rs\/index.php?rest_route=%2Fwp%2Fv2%2Fmedia&parent=3706"}],"wp:term":[{"taxonomy":"category","embeddable":true,"href":"https:\/\/javnost.rs\/index.php?rest_route=%2Fwp%2Fv2%2Fcategories&post=3706"},{"taxonomy":"post_tag","embeddable":true,"href":"https:\/\/javnost.rs\/index.php?rest_route=%2Fwp%2Fv2%2Ftags&post=3706"}],"curies":[{"name":"wp","href":"https:\/\/api.w.org\/{rel}","templated":true}]}}