{"id":3670,"date":"2024-03-10T13:45:48","date_gmt":"2024-03-10T12:45:48","guid":{"rendered":"https:\/\/javnost.rs\/?p=3670"},"modified":"2024-03-11T13:59:30","modified_gmt":"2024-03-11T12:59:30","slug":"tri-decenije-uspjesnog-rada-osnovne-muzicke-skole-video","status":"publish","type":"post","link":"https:\/\/javnost.rs\/?p=3670","title":{"rendered":"Tri decenije uspje\u0161nog rada Osnovne muzi\u010dke \u0161kole (Video)"},"content":{"rendered":"\t\t<div data-elementor-type=\"wp-post\" data-elementor-id=\"3670\" class=\"elementor elementor-3670\">\n\t\t\t\t<div class=\"elementor-element elementor-element-2890b42 e-flex e-con-boxed e-con e-parent\" data-id=\"2890b42\" data-element_type=\"container\">\n\t\t\t\t\t<div class=\"e-con-inner\">\n\t\t\t\t<div class=\"elementor-element elementor-element-db6b24c elementor-widget elementor-widget-text-editor\" data-id=\"db6b24c\" data-element_type=\"widget\" data-widget_type=\"text-editor.default\">\n\t\t\t\t<div class=\"elementor-widget-container\">\n\t\t\t\t\t\t\t\t\t<p>\u0160kola za osnovno muzi\u010dko obrazovanje Isto\u010dno Novo Sarajevo- Podru\u010dno odjeljenje Pale sino\u0107 je bogatim kulturno- umjetni\u010dkim programom&nbsp;<span style=\"font-family: var( --e-global-typography-text-font-family ), Sans-serif; font-weight: var( --e-global-typography-text-font-weight ); text-align: var(--text-align);\">obilje\u017eilo 30 godina rada.<\/span><\/p>\t\t\t\t\t\t\t\t<\/div>\n\t\t\t\t<\/div>\n\t\t\t\t<div class=\"elementor-element elementor-element-ace4ff4 elementor-widget elementor-widget-video\" data-id=\"ace4ff4\" data-element_type=\"widget\" data-settings=\"{&quot;youtube_url&quot;:&quot;https:\\\/\\\/www.youtube.com\\\/watch?v=UrlQo90lqns&quot;,&quot;video_type&quot;:&quot;youtube&quot;,&quot;controls&quot;:&quot;yes&quot;}\" data-widget_type=\"video.default\">\n\t\t\t\t<div class=\"elementor-widget-container\">\n\t\t\t\t\t\t\t<div class=\"elementor-wrapper elementor-open-inline\">\n\t\t\t<div class=\"elementor-video\"><\/div>\t\t<\/div>\n\t\t\t\t\t\t<\/div>\n\t\t\t\t<\/div>\n\t\t\t\t<div class=\"elementor-element elementor-element-8083a8e elementor-widget elementor-widget-text-editor\" data-id=\"8083a8e\" data-element_type=\"widget\" data-widget_type=\"text-editor.default\">\n\t\t\t\t<div class=\"elementor-widget-container\">\n\t\t\t\t\t\t\t\t\t<p><span style=\"font-family: 'Red Hat Display', sans-serif; text-align: justify;\">Izvor, foto i video: RTVIS<\/span><\/p>\t\t\t\t\t\t\t\t<\/div>\n\t\t\t\t<\/div>\n\t\t\t\t\t<\/div>\n\t\t\t\t<\/div>\n\t\t\t\t<\/div>\n\t\t","protected":false},"excerpt":{"rendered":"<p>\u0160kola za osnovno muzi\u010dko obrazovanje Isto\u010dno Novo Sarajevo- Podru\u010dno odjeljenje Pale sino\u0107 je bogatim kulturno- umjetni\u010dkim programom\u00a0obilje\u017eilo 30 godina rada. Izvor, foto i video: RTVIS<\/p>\n","protected":false},"author":1,"featured_media":3671,"comment_status":"closed","ping_status":"closed","sticky":false,"template":"","format":"video","meta":{"footnotes":""},"categories":[109,70],"tags":[],"class_list":["post-3670","post","type-post","status-publish","format-video","has-post-thumbnail","hentry","category-109","category-70","post_format-post-format-video"],"aioseo_notices":[],"_links":{"self":[{"href":"https:\/\/javnost.rs\/index.php?rest_route=\/wp\/v2\/posts\/3670","targetHints":{"allow":["GET"]}}],"collection":[{"href":"https:\/\/javnost.rs\/index.php?rest_route=\/wp\/v2\/posts"}],"about":[{"href":"https:\/\/javnost.rs\/index.php?rest_route=\/wp\/v2\/types\/post"}],"author":[{"embeddable":true,"href":"https:\/\/javnost.rs\/index.php?rest_route=\/wp\/v2\/users\/1"}],"replies":[{"embeddable":true,"href":"https:\/\/javnost.rs\/index.php?rest_route=%2Fwp%2Fv2%2Fcomments&post=3670"}],"version-history":[{"count":11,"href":"https:\/\/javnost.rs\/index.php?rest_route=\/wp\/v2\/posts\/3670\/revisions"}],"predecessor-version":[{"id":4150,"href":"https:\/\/javnost.rs\/index.php?rest_route=\/wp\/v2\/posts\/3670\/revisions\/4150"}],"wp:featuredmedia":[{"embeddable":true,"href":"https:\/\/javnost.rs\/index.php?rest_route=\/wp\/v2\/media\/3671"}],"wp:attachment":[{"href":"https:\/\/javnost.rs\/index.php?rest_route=%2Fwp%2Fv2%2Fmedia&parent=3670"}],"wp:term":[{"taxonomy":"category","embeddable":true,"href":"https:\/\/javnost.rs\/index.php?rest_route=%2Fwp%2Fv2%2Fcategories&post=3670"},{"taxonomy":"post_tag","embeddable":true,"href":"https:\/\/javnost.rs\/index.php?rest_route=%2Fwp%2Fv2%2Ftags&post=3670"}],"curies":[{"name":"wp","href":"https:\/\/api.w.org\/{rel}","templated":true}]}}