{"id":3646,"date":"2024-03-10T13:11:10","date_gmt":"2024-03-10T12:11:10","guid":{"rendered":"https:\/\/javnost.rs\/?p=3646"},"modified":"2024-03-10T13:40:49","modified_gmt":"2024-03-10T12:40:49","slug":"okrugli-sto-o-znacaju-i-ulozi-mome-kapora","status":"publish","type":"post","link":"https:\/\/javnost.rs\/?p=3646","title":{"rendered":"Okrugli sto o zna\u010daju i ulozi Mome Kapora"},"content":{"rendered":"\t\t<div data-elementor-type=\"wp-post\" data-elementor-id=\"3646\" class=\"elementor elementor-3646\">\n\t\t\t\t<div class=\"elementor-element elementor-element-bfc7c44 e-flex e-con-boxed e-con e-parent\" data-id=\"bfc7c44\" data-element_type=\"container\">\n\t\t\t\t\t<div class=\"e-con-inner\">\n\t\t\t\t<div class=\"elementor-element elementor-element-95ab660 elementor-widget elementor-widget-text-editor\" data-id=\"95ab660\" data-element_type=\"widget\" data-widget_type=\"text-editor.default\">\n\t\t\t\t<div class=\"elementor-widget-container\">\n\t\t\t\t\t\t\t\t\t<p>Trodnevna manifestacija \u201eMomo Kapor: \u010duvar adrese\u201c zavr\u0161ena je danas okruglim stolom na Filozofskom fakultetu na Palama o zna\u010daju i ulozi ovog pisca.<\/p><p>Dekan Filozofskog fakulteta Pale Vladan Bartula istakao je da je Kapor bio prijatelj Fakulteta, predava\u010d po pozivu, te da ova visoko\u0161kolska ustanova \u017eeli da mu oda priznanje i zahvalnost za sve ono \u0161to je u prethodnom periodu uradio za njene studente.<\/p>\t\t\t\t\t\t\t\t<\/div>\n\t\t\t\t<\/div>\n\t\t\t\t<div class=\"elementor-element elementor-element-537fde9 elementor-widget elementor-widget-image\" data-id=\"537fde9\" data-element_type=\"widget\" data-widget_type=\"image.default\">\n\t\t\t\t<div class=\"elementor-widget-container\">\n\t\t\t\t\t\t\t\t\t\t\t\t\t\t\t\t<a href=\"https:\/\/javnost.rs\/wp-content\/uploads\/2024\/03\/\u04441-1-1024x485-1.jpg\" data-elementor-open-lightbox=\"yes\" data-elementor-lightbox-title=\"\u04441-1-1024x485\" data-e-action-hash=\"#elementor-action%3Aaction%3Dlightbox%26settings%3DeyJpZCI6MzY1NCwidXJsIjoiaHR0cHM6XC9cL2phdm5vc3QucnNcL3dwLWNvbnRlbnRcL3VwbG9hZHNcLzIwMjRcLzAzXC9cdTA0NDQxLTEtMTAyNHg0ODUtMS5qcGcifQ%3D%3D\">\n\t\t\t\t\t\t\t<img fetchpriority=\"high\" decoding=\"async\" width=\"640\" height=\"303\" src=\"https:\/\/javnost.rs\/wp-content\/uploads\/2024\/03\/\u04441-1-1024x485-1.jpg\" class=\"attachment-large size-large wp-image-3654\" alt=\"\" srcset=\"https:\/\/javnost.rs\/wp-content\/uploads\/2024\/03\/\u04441-1-1024x485-1.jpg 1024w, https:\/\/javnost.rs\/wp-content\/uploads\/2024\/03\/\u04441-1-1024x485-1-300x142.jpg 300w, https:\/\/javnost.rs\/wp-content\/uploads\/2024\/03\/\u04441-1-1024x485-1-768x364.jpg 768w\" sizes=\"(max-width: 640px) 100vw, 640px\" \/>\t\t\t\t\t\t\t\t<\/a>\n\t\t\t\t\t\t\t\t\t\t\t\t\t\t\t<\/div>\n\t\t\t\t<\/div>\n\t\t\t\t<div class=\"elementor-element elementor-element-9e8e454 elementor-widget elementor-widget-text-editor\" data-id=\"9e8e454\" data-element_type=\"widget\" data-widget_type=\"text-editor.default\">\n\t\t\t\t<div class=\"elementor-widget-container\">\n\t\t\t\t\t\t\t\t\t<p>\u201eOvim pokazujemo da smo ljudi koji \u017eelimo svoje najzna\u010dajnije prijatelje, zna\u010dajne li\u010dnosti iz prethodnog vremena, na neki na\u010din prizovemo u sje\u0107anje i odamo po\u0161tovanje\u201c, rekao je Bartula novinarima prije okruglog stola.<\/p><p>Bartula je naveo da \u0107e studenti imati priliku da \u010duju zanimljivosti koje nisu znali o Kaporu i na taj na\u010din ih motivisati da se pribli\u017ee njegovom djelu i da ga vi\u0161e \u010ditaju.<\/p>\t\t\t\t\t\t\t\t<\/div>\n\t\t\t\t<\/div>\n\t\t\t\t<div class=\"elementor-element elementor-element-69a539b elementor-widget elementor-widget-image\" data-id=\"69a539b\" data-element_type=\"widget\" data-widget_type=\"image.default\">\n\t\t\t\t<div class=\"elementor-widget-container\">\n\t\t\t\t\t\t\t\t\t\t\t\t\t\t\t\t<a href=\"https:\/\/javnost.rs\/wp-content\/uploads\/2024\/03\/\u04442-1-1024x485-1.jpg\" data-elementor-open-lightbox=\"yes\" data-elementor-lightbox-title=\"\u04442-1-1024x485\" data-e-action-hash=\"#elementor-action%3Aaction%3Dlightbox%26settings%3DeyJpZCI6MzY1MiwidXJsIjoiaHR0cHM6XC9cL2phdm5vc3QucnNcL3dwLWNvbnRlbnRcL3VwbG9hZHNcLzIwMjRcLzAzXC9cdTA0NDQyLTEtMTAyNHg0ODUtMS5qcGcifQ%3D%3D\">\n\t\t\t\t\t\t\t<img decoding=\"async\" width=\"640\" height=\"303\" src=\"https:\/\/javnost.rs\/wp-content\/uploads\/2024\/03\/\u04442-1-1024x485-1.jpg\" class=\"attachment-large size-large wp-image-3652\" alt=\"\" srcset=\"https:\/\/javnost.rs\/wp-content\/uploads\/2024\/03\/\u04442-1-1024x485-1.jpg 1024w, https:\/\/javnost.rs\/wp-content\/uploads\/2024\/03\/\u04442-1-1024x485-1-300x142.jpg 300w, https:\/\/javnost.rs\/wp-content\/uploads\/2024\/03\/\u04442-1-1024x485-1-768x364.jpg 768w\" sizes=\"(max-width: 640px) 100vw, 640px\" \/>\t\t\t\t\t\t\t\t<\/a>\n\t\t\t\t\t\t\t\t\t\t\t\t\t\t\t<\/div>\n\t\t\t\t<\/div>\n\t\t\t\t<div class=\"elementor-element elementor-element-cd1e366 elementor-widget elementor-widget-text-editor\" data-id=\"cd1e366\" data-element_type=\"widget\" data-widget_type=\"text-editor.default\">\n\t\t\t\t<div class=\"elementor-widget-container\">\n\t\t\t\t\t\t\t\t\t<p>Kao dugogodi\u0161nji prijatelj Mome Kapora, akademik Jovan Deli\u0107 rekao je da \u0107e na okruglom stolu podijeliti zanimljive \u010dinjenice o Kaporu i njegovoj najboljoj knjizi \u201eHronika izgubljenog grada\u201c.<\/p><p>Supruga Mom\u010dila Mome Kapora Ljiljana izjavila je novinarima prije okruglog stola da je Momo dolazio na Filozofski fakultet kao gostuju\u0107i profesor, te da je divno \u0161to su oni koji su slu\u0161ali njegova predavanja danas dekani, profesori i kao mladi ljudi do\u0161li na ta mjesta.<\/p><p>Ona je istakla da \u0107e joj se utisci sa manifestacije sle\u0107i tek po povratku u Beograd, jer su joj ova tri dana bila emotivna, lijepa i veoma uzbudljiva.<\/p><p>Student doktorskih studija na Filozofskom fakultetu Pale Du\u0161an Peji\u0107 rekao je da se na\u017ealost ne sje\u0107a vremena kada je Kapor dr\u017eao predavanja na ovoj ustanovi, ali je \u010duo da je to uvijek bilo neopisivo i nezaboravno.<\/p><p>Peji\u0107 je istakao da je lijepo \u0161to se odr\u017eava manifestacija u znak sje\u0107anja na Kapora iz razloga \u0161to studenti vole da \u010ditaju njegova djela koja mo\u017eda i nisu dovoljno prisutna u nastavnim planovima i programima, iako je bio jedan od naj\u010ditajnijih i najpopularnijih pisaca.<\/p><p>\u201eKapor je znao da u\u0111e u psihu i emociju mladih, a njegova djela su i prije 5O godina i danas prijem\u010diva studentskoj populaciji za koju se prije svega i organizuje manifestacija\u201c, poru\u010dio je Peji\u0107.<\/p><p>Pokrovitelji i organizatori manifestacije bili su grad Isto\u010dno Sarajevo, op\u0161tine Isto\u010dno Novo Sarajevo i Isto\u010dna Ilid\u017ea, Filozofski fakultet Univerziteta u Isto\u010dnom Sarajevu, Kulturni klub \u201eFronesis\u201c iz Isto\u010dnog Sarajeva i zadu\u017ebina \u201eMom\u010dilo Momo Kapor\u201c iz Beograda.<\/p><p>Izvor i foto: RTVIS<\/p>\t\t\t\t\t\t\t\t<\/div>\n\t\t\t\t<\/div>\n\t\t\t\t\t<\/div>\n\t\t\t\t<\/div>\n\t\t\t\t<\/div>\n\t\t","protected":false},"excerpt":{"rendered":"<p>Trodnevna manifestacija \u201eMomo Kapor: \u010duvar adrese\u201c zavr\u0161ena je danas okruglim stolom na Filozofskom fakultetu na Palama o zna\u010daju i ulozi ovog pisca. Dekan Filozofskog fakulteta Pale Vladan Bartula istakao je da je Kapor bio prijatelj Fakulteta, predava\u010d po pozivu, te da ova visoko\u0161kolska ustanova \u017eeli da mu oda priznanje i zahvalnost za sve ono \u0161to [&hellip;]<\/p>\n","protected":false},"author":1,"featured_media":3648,"comment_status":"closed","ping_status":"closed","sticky":false,"template":"","format":"standard","meta":{"footnotes":""},"categories":[70],"tags":[],"class_list":["post-3646","post","type-post","status-publish","format-standard","has-post-thumbnail","hentry","category-70"],"aioseo_notices":[],"_links":{"self":[{"href":"https:\/\/javnost.rs\/index.php?rest_route=\/wp\/v2\/posts\/3646","targetHints":{"allow":["GET"]}}],"collection":[{"href":"https:\/\/javnost.rs\/index.php?rest_route=\/wp\/v2\/posts"}],"about":[{"href":"https:\/\/javnost.rs\/index.php?rest_route=\/wp\/v2\/types\/post"}],"author":[{"embeddable":true,"href":"https:\/\/javnost.rs\/index.php?rest_route=\/wp\/v2\/users\/1"}],"replies":[{"embeddable":true,"href":"https:\/\/javnost.rs\/index.php?rest_route=%2Fwp%2Fv2%2Fcomments&post=3646"}],"version-history":[{"count":18,"href":"https:\/\/javnost.rs\/index.php?rest_route=\/wp\/v2\/posts\/3646\/revisions"}],"predecessor-version":[{"id":3669,"href":"https:\/\/javnost.rs\/index.php?rest_route=\/wp\/v2\/posts\/3646\/revisions\/3669"}],"wp:featuredmedia":[{"embeddable":true,"href":"https:\/\/javnost.rs\/index.php?rest_route=\/wp\/v2\/media\/3648"}],"wp:attachment":[{"href":"https:\/\/javnost.rs\/index.php?rest_route=%2Fwp%2Fv2%2Fmedia&parent=3646"}],"wp:term":[{"taxonomy":"category","embeddable":true,"href":"https:\/\/javnost.rs\/index.php?rest_route=%2Fwp%2Fv2%2Fcategories&post=3646"},{"taxonomy":"post_tag","embeddable":true,"href":"https:\/\/javnost.rs\/index.php?rest_route=%2Fwp%2Fv2%2Ftags&post=3646"}],"curies":[{"name":"wp","href":"https:\/\/api.w.org\/{rel}","templated":true}]}}